{"id":2702,"date":"2024-10-18T08:52:12","date_gmt":"2024-10-18T08:52:12","guid":{"rendered":"https:\/\/saludmentalvillarrobledo.org\/?p=2702"},"modified":"2026-03-02T09:32:47","modified_gmt":"2026-03-02T09:32:47","slug":"10-octubre-dia-mundial-de-la-salud-mental","status":"publish","type":"post","link":"https:\/\/saludmentalvillarrobledo.org\/index.php\/2024\/10\/18\/10-octubre-dia-mundial-de-la-salud-mental\/","title":{"rendered":"10 Octubre. D\u00eda Mundial de la Salud Mental."},"content":{"rendered":"\n[et_pb_section admin_label=\u00bbsection\u00bb]\n\t\t\t[et_pb_row admin_label=\u00bbrow\u00bb]\n\t\t\t\t[et_pb_column type=\u00bb4_4&#8243;][et_pb_text admin_label=\u00bbText\u00bb]<!-- divi:paragraph -->\n<p><\/p>\n<!-- \/divi:paragraph -->\n\n<!-- divi:group {\"layout\":{\"type\":\"flex\",\"flexWrap\":\"nowrap\"}} -->\n<div class=\"wp-block-group\"><!-- divi:heading {\"level\":1} -->\n<h1 class=\"wp-block-heading\">\u00ab<strong>Trabajo y salud mental un v\u00ednculo fundamental<\/strong>\u00ab.<\/h1>\n<!-- \/divi:heading -->\n\n<!-- divi:paragraph -->\n<p>Este mes de octubre se conmemora el d\u00eda mundial de la Salud Mental y con ello hemos realizado diferentes actividades itinerantes.<\/p>\n<!-- \/divi:paragraph --><\/div>\n<!-- \/divi:group -->\n\n<!-- divi:paragraph -->\n<p>Con cada acto, cada actividad y cada testimonio seguimos en la lucha contra el estigma y defensa de derechos humanos, este a\u00f1o, bajo el lema que hace alusi\u00f3n al tema laboral. <\/p>\n<!-- \/divi:paragraph -->\n\n<!-- divi:paragraph -->\n<p>Desde el grupo en primera persona queremos revindicar m\u00e1s puestos de trabajo con apoyos reales, que nos permitan de verdad poder desarrollarnos de la forma m\u00e1s satisfactoria tanto para el trabajador como para la empresa o instituci\u00f3n, ayudando a que se extinga el estigma que existe sobre la \u00abpoca capacidad, inaptitud\u00bb para poder desempe\u00f1ar un trabajo s\u00f3lo por tener un diagn\u00f3stico en salud mental.<\/p>\n<!-- \/divi:paragraph -->\n\n<!-- divi:paragraph -->\n<p>De forma paralela resaltar la importancia de cuidar los entornos laborales, que muchas veces, por estr\u00e9s prolongado, sobrecarga de tareas, casos de acoso entre compa\u00f1eros&#8230; nos lleva a no saber hacer una buena gesti\u00f3n de ello, no pedir ayuda y terminar padeciendo un problema de salud mental.<\/p>\n<!-- \/divi:paragraph -->\n\n<!-- divi:paragraph -->\n<p>Con todo esto, invitamos a la poblaci\u00f3n a que se una a esta, nuestra lucha y la de otros muchos, y a un cambio de mirada hacia la salud mental. Nuestro factor com\u00fan es tener un rol social significativo, partiendo de un trabajo digno.<\/p>\n<!-- \/divi:paragraph -->[\/et_pb_text][\/et_pb_column]\n\t\t\t[\/et_pb_row]\n\t\t[\/et_pb_section]\n","protected":false},"excerpt":{"rendered":"<p>\u00abTrabajo y salud mental un v\u00ednculo fundamental\u00bb. Este mes de octubre se conmemora el d\u00eda mundial de la Salud Mental y con ello hemos realizado diferentes actividades itinerantes. Con cada acto, cada actividad y cada testimonio seguimos en la lucha contra el estigma y defensa de derechos humanos, este a\u00f1o, bajo el lema que hace [&hellip;]<\/p>\n","protected":false},"author":2,"featured_media":2707,"comment_status":"open","ping_status":"open","sticky":true,"template":"","format":"standard","meta":{"_et_pb_use_builder":"on","_et_pb_old_content":"<!-- wp:paragraph -->\n<p><\/p>\n<!-- \/wp:paragraph -->\n\n<!-- wp:group {\"layout\":{\"type\":\"flex\",\"flexWrap\":\"nowrap\"}} -->\n<div class=\"wp-block-group\"><!-- wp:heading {\"level\":1} -->\n<h1 class=\"wp-block-heading\">\"<strong>Trabajo y salud mental un v\u00ednculo fundamental<\/strong>\".<\/h1>\n<!-- \/wp:heading -->\n\n<!-- wp:paragraph -->\n<p>Este mes de octubre se conmemora el d\u00eda mundial de la Salud Mental y con ello hemos realizado diferentes actividades itinerantes.<\/p>\n<!-- \/wp:paragraph --><\/div>\n<!-- \/wp:group -->\n\n<!-- wp:paragraph -->\n<p>Con cada acto, cada actividad y cada testimonio seguimos en la lucha contra el estigma y defensa de derechos humanos, este a\u00f1o, bajo el lema que hace alusi\u00f3n al tema laboral. <\/p>\n<!-- \/wp:paragraph -->\n\n<!-- wp:paragraph -->\n<p>Desde el grupo en primera persona queremos revindicar m\u00e1s puestos de trabajo con apoyos reales, que nos permitan de verdad poder desarrollarnos de la forma m\u00e1s satisfactoria tanto para el trabajador como para la empresa o instituci\u00f3n, ayudando a que se extinga el estigma que existe sobre la \"poca capacidad, inaptitud\" para poder desempe\u00f1ar un trabajo s\u00f3lo por tener un diagn\u00f3stico en salud mental.<\/p>\n<!-- \/wp:paragraph -->\n\n<!-- wp:paragraph -->\n<p>De forma paralela resaltar la importancia de cuidar los entornos laborales, que muchas veces, por estr\u00e9s prolongado, sobrecarga de tareas, casos de acoso entre compa\u00f1eros... nos lleva a no saber hacer una buena gesti\u00f3n de ello, no pedir ayuda y terminar padeciendo un problema de salud mental.<\/p>\n<!-- \/wp:paragraph -->\n\n<!-- wp:paragraph -->\n<p>Con todo esto, invitamos a la poblaci\u00f3n a que se una a esta, nuestra lucha y la de otros muchos, y a un cambio de mirada hacia la salud mental. Nuestro factor com\u00fan es tener un rol social significativo, partiendo de un trabajo digno.<\/p>\n<!-- \/wp:paragraph -->","_et_gb_content_width":"","footnotes":""},"categories":[14],"tags":[],"class_list":["post-2702","post","type-post","status-publish","format-standard","has-post-thumbnail","hentry","category-lucha-contra-el-estigma"],"nelio_content":{"autoShareEndMode":"never","automationSources":{"useCustomSentences":false,"customSentences":[]},"efiAlt":"","efiUrl":"","followers":[2],"highlights":[],"isAutoShareEnabled":true,"networkImageIds":[],"permalinkQueryArgs":[],"series":[],"suggestedReferences":[]},"_links":{"self":[{"href":"https:\/\/saludmentalvillarrobledo.org\/index.php\/wp-json\/wp\/v2\/posts\/2702","targetHints":{"allow":["GET"]}}],"collection":[{"href":"https:\/\/saludmentalvillarrobledo.org\/index.php\/wp-json\/wp\/v2\/posts"}],"about":[{"href":"https:\/\/saludmentalvillarrobledo.org\/index.php\/wp-json\/wp\/v2\/types\/post"}],"author":[{"embeddable":true,"href":"https:\/\/saludmentalvillarrobledo.org\/index.php\/wp-json\/wp\/v2\/users\/2"}],"replies":[{"embeddable":true,"href":"https:\/\/saludmentalvillarrobledo.org\/index.php\/wp-json\/wp\/v2\/comments?post=2702"}],"version-history":[{"count":7,"href":"https:\/\/saludmentalvillarrobledo.org\/index.php\/wp-json\/wp\/v2\/posts\/2702\/revisions"}],"predecessor-version":[{"id":2711,"href":"https:\/\/saludmentalvillarrobledo.org\/index.php\/wp-json\/wp\/v2\/posts\/2702\/revisions\/2711"}],"wp:featuredmedia":[{"embeddable":true,"href":"https:\/\/saludmentalvillarrobledo.org\/index.php\/wp-json\/wp\/v2\/media\/2707"}],"wp:attachment":[{"href":"https:\/\/saludmentalvillarrobledo.org\/index.php\/wp-json\/wp\/v2\/media?parent=2702"}],"wp:term":[{"taxonomy":"category","embeddable":true,"href":"https:\/\/saludmentalvillarrobledo.org\/index.php\/wp-json\/wp\/v2\/categories?post=2702"},{"taxonomy":"post_tag","embeddable":true,"href":"https:\/\/saludmentalvillarrobledo.org\/index.php\/wp-json\/wp\/v2\/tags?post=2702"}],"curies":[{"name":"wp","href":"https:\/\/api.w.org\/{rel}","templated":true}]}}