{"id":2697,"date":"2024-09-05T11:13:07","date_gmt":"2024-09-05T11:13:07","guid":{"rendered":"https:\/\/saludmentalvillarrobledo.org\/?p=2697"},"modified":"2026-03-02T09:32:57","modified_gmt":"2026-03-02T09:32:57","slug":"septiembre-amarillo-por-favor-no-lo-hagas-pide-ayuda","status":"publish","type":"post","link":"https:\/\/saludmentalvillarrobledo.org\/index.php\/2024\/09\/05\/septiembre-amarillo-por-favor-no-lo-hagas-pide-ayuda\/","title":{"rendered":"Septiembre amarillo: \u00a1 POR FAVOR NO LO HAGAS; PIDE AYUDA!"},"content":{"rendered":"Todos en alg\u00fan momento de nuestras vidas podemos atravesar temporadas de desesperanza, angustia, problemas a los que nos cuesta encontrarle soluci\u00f3n&#8230;.<br \/>Esto mismo sentir\u00eda Mike un joven de personalidad cari\u00f1osa, servicial y gran conocedor del mundo de la  mec\u00e1nica. El legado comenz\u00f3 cuando \u00e9l mismo rescat\u00f3 un Ford Mustang de un campo donde se encontraba descuidado. Lo compr\u00f3, lo reconstruy\u00f3 y lo pint\u00f3 de amarillo brillante. <br \/>En 1994 Mike muri\u00f3 por suicidio en el momento de su desesperaci\u00f3n m\u00e1s profunda;  se quit\u00f3 la vida cuando no sab\u00eda las palabras que decir, o c\u00f3mo hacerle saber a alguien que estaba en problemas. <br \/>En el funeral de Mike sus amigos se preguntaban que pod\u00edan hacer y sus padres contestaron: \u201cpor favor no te suicides, busca ayuda\u201d y se puso esta frase en papel amarillo brillante junto con n\u00fameros de tel\u00e9fono, a qui\u00e9n llamar para obtener ayuda. Los adolescentes fijaron cintas amarillas en 500 tiras de esos papeles para sus servicios funerarios y comenzaron a enviarlos \u2018por todas partes\u2019 a amigos y seres queridos.<br \/><br \/><br \/>SEPTIEMBRE AMARILLO es una campa\u00f1a de la OMS, que est\u00e1 vinculada al mes, semana y D\u00eda Mundial para la Prevenci\u00f3n del Suicidio. Se escoge este color propuesto desde  el programa Yellow Ribbon (Cinta amarilla).La cinta se convirti\u00f3 en el s\u00edmbolo del programa cuando los adolescentes comenzaron a atarlos en su cabello y sujetarlos a su ropa y sombreros el d\u00eda que Mike muri\u00f3. <br \/> El efecto domin\u00f3 hab\u00eda comenzado:  un puente amarillo brillante que conecta a los necesitados con los que ayudan. <br \/><br \/>Desde la Asociaci\u00f3n Salud Mental Villarrobledo conmemoramos este d\u00eda y la importancia que tiene hablarlo para prevenirlo.  ","protected":false},"excerpt":{"rendered":"<p>Todos en alg\u00fan momento de nuestras vidas podemos atravesar temporadas de desesperanza, angustia, problemas a los que nos cuesta encontrarle soluci\u00f3n&#8230;.Esto mismo sentir\u00eda Mike un joven de personalidad cari\u00f1osa, servicial y gran conocedor del mundo de la mec\u00e1nica. El legado comenz\u00f3 cuando \u00e9l mismo rescat\u00f3 un Ford Mustang de un campo donde se encontraba descuidado. [&hellip;]<\/p>\n","protected":false},"author":2,"featured_media":2700,"comment_status":"open","ping_status":"open","sticky":true,"template":"","format":"standard","meta":{"_et_pb_use_builder":"","_et_pb_old_content":"","_et_gb_content_width":"","footnotes":""},"categories":[14],"tags":[],"class_list":["post-2697","post","type-post","status-publish","format-standard","has-post-thumbnail","hentry","category-lucha-contra-el-estigma"],"nelio_content":{"autoShareEndMode":"never","automationSources":{"useCustomSentences":false,"customSentences":[]},"efiAlt":"","efiUrl":"","followers":[2],"highlights":[],"isAutoShareEnabled":true,"networkImageIds":[],"permalinkQueryArgs":[],"series":[],"suggestedReferences":[]},"_links":{"self":[{"href":"https:\/\/saludmentalvillarrobledo.org\/index.php\/wp-json\/wp\/v2\/posts\/2697","targetHints":{"allow":["GET"]}}],"collection":[{"href":"https:\/\/saludmentalvillarrobledo.org\/index.php\/wp-json\/wp\/v2\/posts"}],"about":[{"href":"https:\/\/saludmentalvillarrobledo.org\/index.php\/wp-json\/wp\/v2\/types\/post"}],"author":[{"embeddable":true,"href":"https:\/\/saludmentalvillarrobledo.org\/index.php\/wp-json\/wp\/v2\/users\/2"}],"replies":[{"embeddable":true,"href":"https:\/\/saludmentalvillarrobledo.org\/index.php\/wp-json\/wp\/v2\/comments?post=2697"}],"version-history":[{"count":1,"href":"https:\/\/saludmentalvillarrobledo.org\/index.php\/wp-json\/wp\/v2\/posts\/2697\/revisions"}],"predecessor-version":[{"id":2698,"href":"https:\/\/saludmentalvillarrobledo.org\/index.php\/wp-json\/wp\/v2\/posts\/2697\/revisions\/2698"}],"wp:featuredmedia":[{"embeddable":true,"href":"https:\/\/saludmentalvillarrobledo.org\/index.php\/wp-json\/wp\/v2\/media\/2700"}],"wp:attachment":[{"href":"https:\/\/saludmentalvillarrobledo.org\/index.php\/wp-json\/wp\/v2\/media?parent=2697"}],"wp:term":[{"taxonomy":"category","embeddable":true,"href":"https:\/\/saludmentalvillarrobledo.org\/index.php\/wp-json\/wp\/v2\/categories?post=2697"},{"taxonomy":"post_tag","embeddable":true,"href":"https:\/\/saludmentalvillarrobledo.org\/index.php\/wp-json\/wp\/v2\/tags?post=2697"}],"curies":[{"name":"wp","href":"https:\/\/api.w.org\/{rel}","templated":true}]}}