{"id":2684,"date":"2024-08-09T07:39:59","date_gmt":"2024-08-09T07:39:59","guid":{"rendered":"https:\/\/saludmentalvillarrobledo.org\/?p=2684"},"modified":"2026-03-02T09:33:06","modified_gmt":"2026-03-02T09:33:06","slug":"presentacion-obras-ganadoras-iii-concurso-fotografia","status":"publish","type":"post","link":"https:\/\/saludmentalvillarrobledo.org\/index.php\/2024\/08\/09\/presentacion-obras-ganadoras-iii-concurso-fotografia\/","title":{"rendered":"PRESENTACI\u00d3N OBRAS GANADORAS III CONCURSO FOTOGRAF\u00cdA"},"content":{"rendered":"\n<p>Esta semana se ha reunido el jurado del III Concurso de Fotograf\u00eda en Salud Mental organizado por la Asociaci\u00f3n Salud Mental Villarrobledo.<\/p>\n\n\n\n<p>Dicho jurado estaba compuesto por personas expertas en materia de salud mental y por personas expertas en fotograf\u00eda.<br>Ha sido un placer contar con la participaci\u00f3n en este jurado por parte de Paco Camacho, docente de fotograf\u00eda en la Universidad Popular de Villarrobledo y fotografo profesional con m\u00e1s de 20 a\u00f1os de trayectoria profesional.<\/p>\n\n\n\n<p>En primer lugar, el jurado destac\u00f3 los procesos creativos por los cuales se planificaban la construcci\u00f3n de las fotograf\u00edas, la subjetividad con la que entendemos la salud mental y el sufrimiento psiquico.<\/p>\n\n\n\n<p>Impresiona como la mirada social se ha ido transformando a lo largo de la historia, normalizando los problemas de salud mental y poniendo el foco en los procesos de recuperaci\u00f3n, enmarcando la importancia en el apoyo social. Cabe destacar como a trav\u00e9s de las fotograf\u00edas se hace cr\u00edtica social de la medicalizaci\u00f3n del sufrimiento ps\u00edquico y como ante los problemas de salud mental, el apoyo social, ocupaciones significativas, y el deporte , la salud laboral y el trabajo , constituyen un eje fundamental para la recuperaci\u00f3n de las personas con problemas de salud Mental.<\/p>\n\n\n\n<p>A continuaci\u00f3n os mostramos, junto a la descripci\u00f3n proporcionada por las autoras y autores, las fotograf\u00edas seleccionadas:<\/p>\n\n\n\n<p>TERCER PREMIO: NAUFRAGIOS<\/p>\n\n\n\n<p>Autora: Ana Pi Garc\u00eda.<\/p>\n\n\n\n<figure class=\"wp-block-image size-large is-resized\"><img loading=\"lazy\" decoding=\"async\" width=\"1024\" height=\"1024\" src=\"https:\/\/saludmentalvillarrobledo.org\/wp-content\/uploads\/2024\/08\/1-1024x1024.png\" alt=\"\" class=\"wp-image-2688\" style=\"width:765px;height:auto\" srcset=\"https:\/\/saludmentalvillarrobledo.org\/wp-content\/uploads\/2024\/08\/1-1024x1024.png 1024w, https:\/\/saludmentalvillarrobledo.org\/wp-content\/uploads\/2024\/08\/1-980x980.png 980w, https:\/\/saludmentalvillarrobledo.org\/wp-content\/uploads\/2024\/08\/1-480x480.png 480w\" sizes=\"(min-width: 0px) and (max-width: 480px) 480px, (min-width: 481px) and (max-width: 980px) 980px, (min-width: 981px) 1024px, 100vw\" \/><\/figure>\n\n\n\n<p><\/p>\n\n\n\n<p>SEGUNDO PREMIO: CUANDO LA MENTE SE NUBLA Y EL ALMA SE VAC\u00cdA<\/p>\n\n\n\n<p>Autor: Francisco Javier Dom\u00ednguez Garc\u00eda.<\/p>\n\n\n\n<figure class=\"wp-block-image size-large is-resized\"><img loading=\"lazy\" decoding=\"async\" width=\"1024\" height=\"1024\" src=\"https:\/\/saludmentalvillarrobledo.org\/wp-content\/uploads\/2024\/08\/2-1024x1024.png\" alt=\"\" class=\"wp-image-2689\" style=\"width:814px;height:auto\" srcset=\"https:\/\/saludmentalvillarrobledo.org\/wp-content\/uploads\/2024\/08\/2-1024x1024.png 1024w, https:\/\/saludmentalvillarrobledo.org\/wp-content\/uploads\/2024\/08\/2-980x980.png 980w, https:\/\/saludmentalvillarrobledo.org\/wp-content\/uploads\/2024\/08\/2-480x480.png 480w\" sizes=\"(min-width: 0px) and (max-width: 480px) 480px, (min-width: 481px) and (max-width: 980px) 980px, (min-width: 981px) 1024px, 100vw\" \/><\/figure>\n\n\n\n<p><\/p>\n\n\n\n<p>PRIMER PREMIO: ROMPIENDO LA CRISALIDA DEL ESTIGMA EN SALUD MENTAL <\/p>\n\n\n\n<p>Autor: Jos\u00e9 Luis M\u00e9ndez Fern\u00e1ndez<\/p>\n\n\n\n<figure class=\"wp-block-image size-large\"><img loading=\"lazy\" decoding=\"async\" width=\"1024\" height=\"1024\" src=\"https:\/\/saludmentalvillarrobledo.org\/wp-content\/uploads\/2024\/08\/3-1024x1024.png\" alt=\"\" class=\"wp-image-2690\" srcset=\"https:\/\/saludmentalvillarrobledo.org\/wp-content\/uploads\/2024\/08\/3-1024x1024.png 1024w, https:\/\/saludmentalvillarrobledo.org\/wp-content\/uploads\/2024\/08\/3-980x980.png 980w, https:\/\/saludmentalvillarrobledo.org\/wp-content\/uploads\/2024\/08\/3-480x480.png 480w\" sizes=\"(min-width: 0px) and (max-width: 480px) 480px, (min-width: 481px) and (max-width: 980px) 980px, (min-width: 981px) 1024px, 100vw\" \/><\/figure>\n\n\n\n<p><\/p>\n\n\n\n<p>Enhorabuena a los artistas ganadores , y gracias a todas las personas que hab\u00e9is participado en el concurso. <\/p>\n\n\n\n<p>Las obras han plasmado la necesidad de normalizar los problemas de salud mental como cualquier otra dolencia a nivel som\u00e1tico, la importancia de \u00absalir de la oscuridad \u00bb ante los problemas de salud mental y concienciar a la poblaci\u00f3n de hablar de ello. <\/p>\n\n\n\n<p>Juntos podremos hacer de nuestra sociedad ,una mejor. <\/p>\n\n\n\n<p>Recordad que \u00abSIN SALUD MENTAL , NO HAY SALUD\u00bb<\/p>\n\n\n\n<figure class=\"wp-block-image size-large\"><img loading=\"lazy\" decoding=\"async\" width=\"1024\" height=\"1024\" src=\"https:\/\/saludmentalvillarrobledo.org\/wp-content\/uploads\/2024\/08\/5-1024x1024.png\" alt=\"\" class=\"wp-image-2691\" srcset=\"https:\/\/saludmentalvillarrobledo.org\/wp-content\/uploads\/2024\/08\/5-1024x1024.png 1024w, https:\/\/saludmentalvillarrobledo.org\/wp-content\/uploads\/2024\/08\/5-980x980.png 980w, https:\/\/saludmentalvillarrobledo.org\/wp-content\/uploads\/2024\/08\/5-480x480.png 480w\" sizes=\"(min-width: 0px) and (max-width: 480px) 480px, (min-width: 481px) and (max-width: 980px) 980px, (min-width: 981px) 1024px, 100vw\" \/><\/figure>\n","protected":false},"excerpt":{"rendered":"<p>Esta semana se ha reunido el jurado del III Concurso de Fotograf\u00eda en Salud Mental organizado por la Asociaci\u00f3n Salud Mental Villarrobledo. Dicho jurado estaba compuesto por personas expertas en materia de salud mental y por personas expertas en fotograf\u00eda.Ha sido un placer contar con la participaci\u00f3n en este jurado por parte de Paco Camacho, [&hellip;]<\/p>\n","protected":false},"author":2,"featured_media":2685,"comment_status":"open","ping_status":"open","sticky":true,"template":"","format":"standard","meta":{"_et_pb_use_builder":"off","_et_pb_old_content":"","_et_gb_content_width":"","footnotes":""},"categories":[14],"tags":[],"class_list":["post-2684","post","type-post","status-publish","format-standard","has-post-thumbnail","hentry","category-lucha-contra-el-estigma"],"nelio_content":{"autoShareEndMode":"never","automationSources":{"useCustomSentences":false,"customSentences":[]},"efiAlt":"","efiUrl":"","followers":[2],"highlights":[],"isAutoShareEnabled":true,"networkImageIds":[],"permalinkQueryArgs":[],"series":[],"suggestedReferences":[]},"_links":{"self":[{"href":"https:\/\/saludmentalvillarrobledo.org\/index.php\/wp-json\/wp\/v2\/posts\/2684","targetHints":{"allow":["GET"]}}],"collection":[{"href":"https:\/\/saludmentalvillarrobledo.org\/index.php\/wp-json\/wp\/v2\/posts"}],"about":[{"href":"https:\/\/saludmentalvillarrobledo.org\/index.php\/wp-json\/wp\/v2\/types\/post"}],"author":[{"embeddable":true,"href":"https:\/\/saludmentalvillarrobledo.org\/index.php\/wp-json\/wp\/v2\/users\/2"}],"replies":[{"embeddable":true,"href":"https:\/\/saludmentalvillarrobledo.org\/index.php\/wp-json\/wp\/v2\/comments?post=2684"}],"version-history":[{"count":4,"href":"https:\/\/saludmentalvillarrobledo.org\/index.php\/wp-json\/wp\/v2\/posts\/2684\/revisions"}],"predecessor-version":[{"id":2693,"href":"https:\/\/saludmentalvillarrobledo.org\/index.php\/wp-json\/wp\/v2\/posts\/2684\/revisions\/2693"}],"wp:featuredmedia":[{"embeddable":true,"href":"https:\/\/saludmentalvillarrobledo.org\/index.php\/wp-json\/wp\/v2\/media\/2685"}],"wp:attachment":[{"href":"https:\/\/saludmentalvillarrobledo.org\/index.php\/wp-json\/wp\/v2\/media?parent=2684"}],"wp:term":[{"taxonomy":"category","embeddable":true,"href":"https:\/\/saludmentalvillarrobledo.org\/index.php\/wp-json\/wp\/v2\/categories?post=2684"},{"taxonomy":"post_tag","embeddable":true,"href":"https:\/\/saludmentalvillarrobledo.org\/index.php\/wp-json\/wp\/v2\/tags?post=2684"}],"curies":[{"name":"wp","href":"https:\/\/api.w.org\/{rel}","templated":true}]}}