{"id":2622,"date":"2024-05-13T12:15:12","date_gmt":"2024-05-13T12:15:12","guid":{"rendered":"https:\/\/saludmentalvillarrobledo.org\/?p=2622"},"modified":"2026-03-02T10:10:04","modified_gmt":"2026-03-02T10:10:04","slug":"sembrando-nociones-de-salud-mental","status":"publish","type":"post","link":"https:\/\/saludmentalvillarrobledo.org\/index.php\/2024\/05\/13\/sembrando-nociones-de-salud-mental\/","title":{"rendered":"Sembrando nociones de Salud Mental"},"content":{"rendered":"\n<p>Durante el pasado mes de abril hemos estado compartiendo charlas-taller sobre la importancia del cuidado de la salud mental desde edades m\u00e1s tempranas en las aulas del IES Diego Torrente P\u00e9rez de San Clemente (Cuenca).<br>Agradecer la implicaci\u00f3n del profesorado y departamento de Orientaci\u00f3n, as\u00ed como al alumnado su participaci\u00f3n. <br>Una peque\u00f1a aportaci\u00f3n m\u00e1s hacia la visibilidad a los problemas de salud mental que nos pueden surgir a tod@s.<\/p>\n","protected":false},"excerpt":{"rendered":"<p>Durante el pasado mes de abril hemos estado compartiendo charlas-taller sobre la importancia del cuidado de la salud mental desde edades m\u00e1s tempranas en las aulas del IES Diego Torrente P\u00e9rez de San Clemente (Cuenca).Agradecer la implicaci\u00f3n del profesorado y departamento de Orientaci\u00f3n, as\u00ed como al alumnado su participaci\u00f3n. Una peque\u00f1a aportaci\u00f3n m\u00e1s hacia la [&hellip;]<\/p>\n","protected":false},"author":2,"featured_media":2625,"comment_status":"open","ping_status":"open","sticky":true,"template":"","format":"standard","meta":{"_et_pb_use_builder":"","_et_pb_old_content":"","_et_gb_content_width":"","footnotes":""},"categories":[1,14],"tags":[],"class_list":["post-2622","post","type-post","status-publish","format-standard","has-post-thumbnail","hentry","category-sin-categoria","category-lucha-contra-el-estigma"],"nelio_content":{"autoShareEndMode":"never","automationSources":{"useCustomSentences":false,"customSentences":[]},"efiAlt":"","efiUrl":"","followers":[2],"highlights":[],"isAutoShareEnabled":true,"networkImageIds":[],"permalinkQueryArgs":[],"series":[],"suggestedReferences":[]},"_links":{"self":[{"href":"https:\/\/saludmentalvillarrobledo.org\/index.php\/wp-json\/wp\/v2\/posts\/2622","targetHints":{"allow":["GET"]}}],"collection":[{"href":"https:\/\/saludmentalvillarrobledo.org\/index.php\/wp-json\/wp\/v2\/posts"}],"about":[{"href":"https:\/\/saludmentalvillarrobledo.org\/index.php\/wp-json\/wp\/v2\/types\/post"}],"author":[{"embeddable":true,"href":"https:\/\/saludmentalvillarrobledo.org\/index.php\/wp-json\/wp\/v2\/users\/2"}],"replies":[{"embeddable":true,"href":"https:\/\/saludmentalvillarrobledo.org\/index.php\/wp-json\/wp\/v2\/comments?post=2622"}],"version-history":[{"count":3,"href":"https:\/\/saludmentalvillarrobledo.org\/index.php\/wp-json\/wp\/v2\/posts\/2622\/revisions"}],"predecessor-version":[{"id":2627,"href":"https:\/\/saludmentalvillarrobledo.org\/index.php\/wp-json\/wp\/v2\/posts\/2622\/revisions\/2627"}],"wp:featuredmedia":[{"embeddable":true,"href":"https:\/\/saludmentalvillarrobledo.org\/index.php\/wp-json\/wp\/v2\/media\/2625"}],"wp:attachment":[{"href":"https:\/\/saludmentalvillarrobledo.org\/index.php\/wp-json\/wp\/v2\/media?parent=2622"}],"wp:term":[{"taxonomy":"category","embeddable":true,"href":"https:\/\/saludmentalvillarrobledo.org\/index.php\/wp-json\/wp\/v2\/categories?post=2622"},{"taxonomy":"post_tag","embeddable":true,"href":"https:\/\/saludmentalvillarrobledo.org\/index.php\/wp-json\/wp\/v2\/tags?post=2622"}],"curies":[{"name":"wp","href":"https:\/\/api.w.org\/{rel}","templated":true}]}}