{"id":2614,"date":"2024-05-06T10:59:45","date_gmt":"2024-05-06T10:59:45","guid":{"rendered":"https:\/\/saludmentalvillarrobledo.org\/?p=2614"},"modified":"2026-03-02T10:10:33","modified_gmt":"2026-03-02T10:10:33","slug":"iii-concurso-fotografico-salud-mental-villarrobledo","status":"publish","type":"post","link":"https:\/\/saludmentalvillarrobledo.org\/index.php\/2024\/05\/06\/iii-concurso-fotografico-salud-mental-villarrobledo\/","title":{"rendered":"III CONCURSO FOTOGR\u00c1FICO \u201cSALUD MENTAL \u00a0\u00a0\u00a0VILLARROBLEDO\u201d"},"content":{"rendered":"<p>[et_pb_section fb_built=\u00bb1&#8243; _builder_version=\u00bb4.16&#8243; global_colors_info=\u00bb{}\u00bb][et_pb_row _builder_version=\u00bb4.16&#8243; background_size=\u00bbinitial\u00bb background_position=\u00bbtop_left\u00bb background_repeat=\u00bbrepeat\u00bb global_colors_info=\u00bb{}\u00bb][et_pb_column type=\u00bb4_4&#8243; _builder_version=\u00bb4.16&#8243; custom_padding=\u00bb|||\u00bb global_colors_info=\u00bb{}\u00bb custom_padding__hover=\u00bb|||\u00bb][et_pb_text _builder_version=\u00bb4.16&#8243; background_size=\u00bbinitial\u00bb background_position=\u00bbtop_left\u00bb background_repeat=\u00bbrepeat\u00bb global_colors_info=\u00bb{}\u00bb]<!-- divi:paragraph --><\/p>\n<p><strong><u>BASES<\/u>:<\/strong><\/p>\n<p>&nbsp;<\/p>\n<p><!-- \/divi:paragraph --><\/p>\n<p>&nbsp;<\/p>\n<p><!-- divi:paragraph --><\/p>\n<p>La promoci\u00f3n de la salud mental y la erradicaci\u00f3n del estigma asociado a las personas con problemas de salud mental es el hilo conductor de las actuaciones y l\u00edneas de intervenci\u00f3n de la sensibilizaci\u00f3n y la lucha contra el estigma.<\/p>\n<p>&nbsp;<\/p>\n<p><!-- \/divi:paragraph --><\/p>\n<p>&nbsp;<\/p>\n<p><!-- divi:paragraph --><\/p>\n<p>El objetivo, por tanto, es trabajar contra\u00a0las actitudes negativas de rechazo y discriminaci\u00f3n\u00a0que obstaculizan el\u00a0ejercicio efectivo de los derechos de las personas\u00a0con problemas de salud mental y sus familias. Entendemos que las consecuencias del estigma son la\u00a0principal barrera para su recuperaci\u00f3n.<\/p>\n<p>&nbsp;<\/p>\n<p><!-- \/divi:paragraph --><\/p>\n<p>&nbsp;<\/p>\n<p><!-- divi:paragraph --><\/p>\n<p>El proyecto de \u201cLUCHA CONTRA EL ESTIGMA\u201d, de la Asociaci\u00f3n Salud Mental Villarrobledo, trata de promocionar la Salud Mental y el apoyo social.<\/p>\n<p>&nbsp;<\/p>\n<p><!-- \/divi:paragraph --><\/p>\n<p>&nbsp;<\/p>\n<p><!-- divi:paragraph --><\/p>\n<p>El <strong>objetivo<\/strong> de este concurso es fomentar la reflexi\u00f3n y contribuir a generar una ciudadan\u00eda consciente, emp\u00e1tica, participativa e inclusiva hacia la Salud Mental a trav\u00e9s de la fotograf\u00eda.<\/p>\n<p>&nbsp;<\/p>\n<p><!-- \/divi:paragraph --><\/p>\n<p>&nbsp;<\/p>\n<p><!-- divi:paragraph --><\/p>\n<p><strong><u>PARTICIPACI\u00d3N<\/u>:<\/strong><\/p>\n<p>&nbsp;<\/p>\n<p><!-- \/divi:paragraph --><\/p>\n<p>&nbsp;<\/p>\n<p><!-- divi:list --><\/p>\n<ul><!-- divi:list-item --><\/p>\n<li>Podr\u00e1n participar las personas mayores de 18 a\u00f1os.<\/li>\n<p><!-- \/divi:list-item --> <!-- divi:list-item --><\/p>\n<li>La participaci\u00f3n en el concurso es gratuita.<\/li>\n<p><!-- \/divi:list-item --> <!-- divi:list-item --><\/p>\n<li>Cada persona puede presentar m\u00e1ximo 3 fotograf\u00edas.<\/li>\n<p><!-- \/divi:list-item --><\/ul>\n<p>&nbsp;<\/p>\n<p><!-- \/divi:list --><\/p>\n<p>&nbsp;<\/p>\n<p><!-- divi:paragraph --><\/p>\n<p><strong><u>INSCRIPCIONES<\/u><\/strong>:<\/p>\n<p>&nbsp;<\/p>\n<p><!-- \/divi:paragraph --><\/p>\n<p>&nbsp;<\/p>\n<p><!-- divi:paragraph --><\/p>\n<p>A trav\u00e9s del siguiente correo electr\u00f3nico: <a href=\"mailto:asociacion@salumentalvillarrobledo.org\">asociacion@saludmentalvillarrobledo.org<\/a> ,\u00a0 enviando las obras acompa\u00f1adas de la siguiente informaci\u00f3n:<strong> Descripci\u00f3n de la obra, Nombre, Apellidos, Direcci\u00f3n, N\u00famero de DNI, Email y tel\u00e9fono.<\/strong><\/p>\n<p>&nbsp;<\/p>\n<p><!-- \/divi:paragraph --><\/p>\n<p>&nbsp;<\/p>\n<p><!-- divi:paragraph --><\/p>\n<p>Especificando en el asunto del mensaje: III Concurso de fotograf\u00eda.<\/p>\n<p>&nbsp;<\/p>\n<p><!-- \/divi:paragraph --><\/p>\n<p>&nbsp;<\/p>\n<p><!-- divi:paragraph --><\/p>\n<p><strong><u>PLAZO DE ENTREGA<\/u>:<\/strong><\/p>\n<p>&nbsp;<\/p>\n<p><!-- \/divi:paragraph --><\/p>\n<p>&nbsp;<\/p>\n<p><!-- divi:list --><\/p>\n<ul><!-- divi:list-item --><\/p>\n<li>El plazo de entrega de los trabajos <strong>ser\u00e1 desde el 6 de mayo<\/strong> <strong>hasta el d\u00eda 31 de julio<\/strong> <strong>de 2024 <\/strong>,<strong>a las 13horas<\/strong>.<\/li>\n<p><!-- \/divi:list-item --><\/ul>\n<p>&nbsp;<\/p>\n<p><!-- \/divi:list --><\/p>\n<p>&nbsp;<\/p>\n<p><!-- divi:paragraph --><\/p>\n<p><strong><u>T\u00c9CNICA FOTOGR\u00c1FICA<\/u><\/strong>:<\/p>\n<p>&nbsp;<\/p>\n<p><!-- \/divi:paragraph --><\/p>\n<p>&nbsp;<\/p>\n<p><!-- divi:list --><\/p>\n<ul><!-- divi:list-item --><\/p>\n<li>Existe absoluta libertad en cuanto a t\u00e9cnica fotogr\u00e1fica, edici\u00f3n y a cualquier aspecto de la creaci\u00f3n de la obra.<\/li>\n<p><!-- \/divi:list-item --> <!-- divi:list-item --><\/p>\n<li>Las fotograf\u00edas no llevar\u00e1n marca de agua ni cualquier distintivo que permita reconocer al autor.<\/li>\n<p><!-- \/divi:list-item --><\/ul>\n<p>&nbsp;<\/p>\n<p><!-- \/divi:list --><\/p>\n<p>&nbsp;<\/p>\n<p><!-- divi:paragraph --><\/p>\n<p><strong><u>FORMATO<\/u>:<\/strong><\/p>\n<p>&nbsp;<\/p>\n<p><!-- \/divi:paragraph --><\/p>\n<p>&nbsp;<\/p>\n<p><!-- divi:paragraph --><\/p>\n<p>Las fotograf\u00edas deber\u00e1n presentarse en formato digital y deber\u00e1n cumplir los siguientes requisitos: Archivo JPG, modo RGB, 300 PPP y tama\u00f1o 20 cm en el lado m\u00ednimo.<\/p>\n<p>&nbsp;<\/p>\n<p><!-- \/divi:paragraph --><\/p>\n<p>&nbsp;<\/p>\n<p><!-- divi:paragraph --><\/p>\n<p><strong><u>AUTOR\u00cdA<\/u>:<\/strong><\/p>\n<p>&nbsp;<\/p>\n<p><!-- \/divi:paragraph --><\/p>\n<p>&nbsp;<\/p>\n<p><!-- divi:paragraph --><\/p>\n<p>Las fotograf\u00edas deben ser originales e in\u00e9ditas, no habi\u00e9ndose presentado con anterioridad en otros concursos, webs o cualquier otro medio digital o impreso.<\/p>\n<p>&nbsp;<\/p>\n<p><!-- \/divi:paragraph --><\/p>\n<p>&nbsp;<\/p>\n<p><!-- divi:paragraph --><\/p>\n<p>Los participantes se responsabilizan totalmente de ser los \u00fanicos autores, de que no existan derechos a terceros, as\u00ed como de toda reclamaci\u00f3n por derechos de imagen sobre las obras presentadas al concurso.<\/p>\n<p>&nbsp;<\/p>\n<p><!-- \/divi:paragraph --><\/p>\n<p>&nbsp;<\/p>\n<p><!-- divi:paragraph --><\/p>\n<p><strong><u>TEM\u00c1TICA<\/u>:<\/strong><\/p>\n<p>&nbsp;<\/p>\n<p><!-- \/divi:paragraph --><\/p>\n<p>&nbsp;<\/p>\n<p><!-- divi:list --><\/p>\n<ul><!-- divi:list-item --><\/p>\n<li>Las im\u00e1genes deber\u00e1n girar en torno a la Salud Mental.<\/li>\n<p><!-- \/divi:list-item --> <!-- divi:list-item --><\/p>\n<li>Se valorar\u00e1 los trabajos que contribuyan a la eliminaci\u00f3n de mitos en torno a los problemas de Salud Mental.<\/li>\n<p><!-- \/divi:list-item --> <!-- divi:list-item --><\/p>\n<li>Se valorar\u00e1 la creatividad, originalidad y calidad t\u00e9cnica.<\/li>\n<p><!-- \/divi:list-item --> <!-- divi:list-item --><\/p>\n<li>Aquellas fotograf\u00edas en las que aparezcan personas como protagonistas, deber\u00e1n contar con su autorizaci\u00f3n escrita. No se publicar\u00e1n ni aceptar\u00e1n archivos con contenidos contrarios al derecho al honor, a la intimidad personal y familiar o a la propia imagen de las personas y a las instituciones que representen.<\/li>\n<p><!-- \/divi:list-item --><\/ul>\n<p>&nbsp;<\/p>\n<p><!-- \/divi:list --><\/p>\n<p>&nbsp;<\/p>\n<p><!-- divi:paragraph --><\/p>\n<p><strong><u>PRESENTACI\u00d3N DE LA OBRA<\/u><\/strong>:<\/p>\n<p>&nbsp;<\/p>\n<p><!-- \/divi:paragraph --><\/p>\n<p>&nbsp;<\/p>\n<p><!-- divi:list --><\/p>\n<ul><!-- divi:list-item --><\/p>\n<li>Podr\u00e1n presentarse un m\u00e1ximo de 3 obras por persona.<\/li>\n<p><!-- \/divi:list-item --> <!-- divi:list-item --><\/p>\n<li>El participante manifiesta y garantiza a Salud Mental Villarrobledo que es el \u00fanico titular de todos los derechos de autor sobre la obra que presenta a concurso.<\/li>\n<p><!-- \/divi:list-item --> <!-- divi:list-item --><\/p>\n<li>Cada obra deber\u00e1 presentarse con el t\u00edtulo y una breve descripci\u00f3n de la misma.\u00a0<\/li>\n<p><!-- \/divi:list-item --> <!-- divi:list-item --><\/p>\n<li><strong>La asociaci\u00f3n Salud Mental Villarrobledo se reserva el derecho a modificar en cualquier momento las condiciones del presente concurso, incluso su posible anulaci\u00f3n antes del plazo prefijado, siempre que concurra causa justa para ello, comprometi\u00e9ndose a comunicar las nuevas bases, condiciones de la promoci\u00f3n o su anulaci\u00f3n definitiva, sin que de ello pueda derivarse responsabilidad alguna para la asociaci\u00f3n Salud Mental Villarrobledo.<\/strong><\/li>\n<p><!-- \/divi:list-item --><\/ul>\n<p>&nbsp;<\/p>\n<p><!-- \/divi:list --><\/p>\n<p>&nbsp;<\/p>\n<p><!-- divi:paragraph --><\/p>\n<p><strong><u>SELECCI\u00d3N Y PUBLICACI\u00d3N DE LAS FOTOGRAF\u00cdAS<\/u><\/strong>:<\/p>\n<p>&nbsp;<\/p>\n<p><!-- \/divi:paragraph --><\/p>\n<p>&nbsp;<\/p>\n<p><!-- divi:list --><\/p>\n<ul><!-- divi:list-item --><\/p>\n<li>El jurado estar\u00e1 compuesto por usuarios de la entidad Salud Mental Villarrobledo, que participan en acciones de sensibilizaci\u00f3n, profesionales de la asociaci\u00f3n y profesionales de la fotograf\u00eda.<\/li>\n<p><!-- \/divi:list-item --> <!-- divi:list-item --><\/p>\n<li>El jurado seleccionar\u00e1 las 3 fotograf\u00edas ganadoras entre los 10 trabajos m\u00e1s votados.<\/li>\n<p><!-- \/divi:list-item --> <!-- divi:list-item --><\/p>\n<li><strong><em>El fallo del jurado se realizar\u00e1 el 9 \u00a0de agosto de 2024.<\/em><\/strong><\/li>\n<p><!-- \/divi:list-item --> <!-- divi:list-item --><\/p>\n<li>Los nombres de los ganadores y trabajos de los premiados se publicar\u00e1n en la p\u00e1gina web <a href=\"http:\/\/www.saludmentalvillarrobledo.org\">www.saludmentalvillarrobledo.org<\/a> y se difundir\u00e1n a trav\u00e9s de Facebook e Instagram.<\/li>\n<p><!-- \/divi:list-item --> <!-- divi:list-item --><\/p>\n<li>Se realizar\u00e1 una amplia selecci\u00f3n de las obras presentadas para la realizaci\u00f3n de una exposici\u00f3n fotogr\u00e1fica el a\u00f1o siguiente, con motivo de la celebraci\u00f3n del D\u00eda Mundial de la Salud Mental.<\/li>\n<p><!-- \/divi:list-item --> <!-- divi:list-item --><\/p>\n<li>Una vez seleccionadas las obras ganadoras se contactar\u00e1 con el autor para solicitar de nuevo el env\u00edo de la fotograf\u00eda al m\u00e1ximo de resoluci\u00f3n y calidad, para la exposici\u00f3n.<\/li>\n<p><!-- \/divi:list-item --><\/ul>\n<p>&nbsp;<\/p>\n<p><!-- \/divi:list --><\/p>\n<p>&nbsp;<\/p>\n<p><!-- divi:paragraph --><\/p>\n<p><strong><u>PREMIOS<\/u>:<\/strong><\/p>\n<p>&nbsp;<\/p>\n<p><!-- \/divi:paragraph --><\/p>\n<p>&nbsp;<\/p>\n<p><!-- divi:list --><\/p>\n<ul><!-- divi:list-item --><\/p>\n<li>1. Premio: <strong>200<\/strong> \u20ac<\/li>\n<p><!-- \/divi:list-item --> <!-- divi:list-item --><\/p>\n<li>2. Premio: <strong>100<\/strong> \u20ac<\/li>\n<p><!-- \/divi:list-item --> <!-- divi:list-item --><\/p>\n<li>3. Premio: <strong>50<\/strong> \u20ac<\/li>\n<p><!-- \/divi:list-item --><\/ul>\n<p>&nbsp;<\/p>\n<p><!-- \/divi:list --><\/p>\n<p>&nbsp;<\/p>\n<p><!-- divi:paragraph --><\/p>\n<p><em>Con sus correspondientes retenciones fiscales.<\/em><\/p>\n<p>&nbsp;<\/p>\n<p><!-- \/divi:paragraph --><\/p>\n<p>&nbsp;<\/p>\n<p><!-- divi:paragraph --><\/p>\n<p><strong><u>DATOS PERSONALES<\/u><\/strong><\/p>\n<p>&nbsp;<\/p>\n<p><!-- \/divi:paragraph --><\/p>\n<p>&nbsp;<\/p>\n<p><!-- divi:paragraph --><\/p>\n<p>Los datos personales facilitados figurar\u00e1n en un registro informatizado propiedad de la Asociaci\u00f3n Salud Mental Villarrobledo, ante el cual el participante podr\u00e1 ejercer sus derechos de acceso, rectificaci\u00f3n, cancelaci\u00f3n y oposici\u00f3n (Ley Org\u00e1nica 3\/2018 de 5 de diciembre), y ser\u00e1n utilizados exclusivamente para enviar informaci\u00f3n sobre las actividades de sensibilizaci\u00f3n organizadas por la asociaci\u00f3n.<\/p>\n<p>&nbsp;<\/p>\n<p><!-- \/divi:paragraph --><\/p>\n<p>&nbsp;<\/p>\n<p><!-- divi:paragraph --><\/p>\n<p><strong><u>DERECHOS Y OBLIGACIONES<\/u><\/strong><\/p>\n<p>&nbsp;<\/p>\n<p><!-- \/divi:paragraph --><\/p>\n<p>&nbsp;<\/p>\n<p><!-- divi:paragraph --><\/p>\n<p>Quienes hayan obtenido uno de los premios o hayan participado en el presente certamen ceder\u00e1n los derechos de uso de las obras a la Asociaci\u00f3n Salud Mental Villarrobledo, en Albacete, pudiendo publicar dichas fotos en cualquier medio, incluidas las redes sociales, siempre con fines promocionales e informativos sobre las leg\u00edtimas acciones de la asociaci\u00f3n. Tambi\u00e9n autorizan a Salud Mental Villarrobledo a comunicar p\u00fablicamente sus nombres. Se mantienen los derechos de propiedad de la obra a sus creadores.<\/p>\n<p>&nbsp;<\/p>\n<p><!-- \/divi:paragraph --><\/p>\n<p>&nbsp;<\/p>\n<p><!-- divi:paragraph --><\/p>\n<p>El autor se responsabiliza de que no existan derechos de terceros en las obras presentadas, as\u00ed como de toda reclamaci\u00f3n de terceros por derechos de imagen.<\/p>\n<p>&nbsp;<\/p>\n<p><!-- \/divi:paragraph --><\/p>\n<p>&nbsp;<\/p>\n<p><!-- divi:paragraph --><\/p>\n<p>La Asociaci\u00f3n Salud Mental Villarrobledo se reserva el derecho de denegar la entrega del premio a cualquiera de los favorecidos si comprueba o existen fundadas sospechas de fraude o enga\u00f1o por parte del participante.<\/p>\n<p>&nbsp;<\/p>\n<p><!-- \/divi:paragraph --><\/p>\n<p>&nbsp;<\/p>\n<p><!-- divi:paragraph --><\/p>\n<p><strong><u>CONTACTO<\/u>:<\/strong><br \/>Para cualquier duda nos pod\u00e9is contactar a trav\u00e9s del correo electr\u00f3nico: <a href=\"mailto:asociaci\u00f3n@salumentalvillarrobledo.org\">asociaci\u00f3n@salumentalvillarrobledo.org<\/a> o en el tel\u00e9fono 967 14 44 42<\/p>\n<p>&nbsp;<\/p>\n<p><!-- \/divi:paragraph -->[\/et_pb_text][\/et_pb_column][\/et_pb_row][\/et_pb_section]<\/p>\n","protected":false},"excerpt":{"rendered":"<p>BASES: &nbsp; &nbsp; La promoci\u00f3n de la salud mental y la erradicaci\u00f3n del estigma asociado a las personas con problemas de salud mental es el hilo conductor de las actuaciones y l\u00edneas de intervenci\u00f3n de la sensibilizaci\u00f3n y la lucha contra el estigma. &nbsp; &nbsp; El objetivo, por tanto, es trabajar contra\u00a0las actitudes negativas de [&hellip;]<\/p>\n","protected":false},"author":2,"featured_media":2256,"comment_status":"open","ping_status":"open","sticky":true,"template":"","format":"standard","meta":{"_et_pb_use_builder":"on","_et_pb_old_content":"<!-- wp:paragraph -->\n<p><strong><u>BASES<\/u>:<\/strong><\/p>\n<!-- \/wp:paragraph -->\n\n<!-- wp:paragraph -->\n<p>La promoci\u00f3n de la salud mental y la erradicaci\u00f3n del estigma asociado a las personas con problemas de salud mental es el hilo conductor de las actuaciones y l\u00edneas de intervenci\u00f3n de la sensibilizaci\u00f3n y la lucha contra el estigma.<\/p>\n<!-- \/wp:paragraph -->\n\n<!-- wp:paragraph -->\n<p>El objetivo, por tanto, es trabajar contra&nbsp;las actitudes negativas de rechazo y discriminaci\u00f3n&nbsp;que obstaculizan el&nbsp;ejercicio efectivo de los derechos de las personas&nbsp;con problemas de salud mental y sus familias. Entendemos que las consecuencias del estigma son la&nbsp;principal barrera para su recuperaci\u00f3n.<\/p>\n<!-- \/wp:paragraph -->\n\n<!-- wp:paragraph -->\n<p>El proyecto de \u201cLUCHA CONTRA EL ESTIGMA\u201d, de la Asociaci\u00f3n Salud Mental Villarrobledo, trata de promocionar la Salud Mental y el apoyo social.<\/p>\n<!-- \/wp:paragraph -->\n\n<!-- wp:paragraph -->\n<p>El <strong>objetivo<\/strong> de este concurso es fomentar la reflexi\u00f3n y contribuir a generar una ciudadan\u00eda consciente, emp\u00e1tica, participativa e inclusiva hacia la Salud Mental a trav\u00e9s de la fotograf\u00eda.<\/p>\n<!-- \/wp:paragraph -->\n\n<!-- wp:paragraph -->\n<p><strong><u>PARTICIPACI\u00d3N<\/u>:<\/strong><\/p>\n<!-- \/wp:paragraph -->\n\n<!-- wp:list -->\n<ul><!-- wp:list-item -->\n<li>Podr\u00e1n participar las personas mayores de 18 a\u00f1os.<\/li>\n<!-- \/wp:list-item -->\n\n<!-- wp:list-item -->\n<li>La participaci\u00f3n en el concurso es gratuita.<\/li>\n<!-- \/wp:list-item -->\n\n<!-- wp:list-item -->\n<li>Cada persona puede presentar m\u00e1ximo 3 fotograf\u00edas.<\/li>\n<!-- \/wp:list-item --><\/ul>\n<!-- \/wp:list -->\n\n<!-- wp:paragraph -->\n<p><strong><u>INSCRIPCIONES<\/u><\/strong>:<\/p>\n<!-- \/wp:paragraph -->\n\n<!-- wp:paragraph -->\n<p>A trav\u00e9s del siguiente correo electr\u00f3nico: <a href=\"mailto:asociacion@salumentalvillarrobledo.org\">asociacion@salumentalvillarrobledo.org<\/a> ,&nbsp; enviando las obras acompa\u00f1adas de la siguiente informaci\u00f3n:<strong> Descripci\u00f3n de la obra, Nombre, Apellidos, Direcci\u00f3n, N\u00famero de DNI, Email y tel\u00e9fono.<\/strong><\/p>\n<!-- \/wp:paragraph -->\n\n<!-- wp:paragraph -->\n<p>Especificando en el asunto del mensaje: III Concurso de fotograf\u00eda.<\/p>\n<!-- \/wp:paragraph -->\n\n<!-- wp:paragraph -->\n<p><strong><u>PLAZO DE ENTREGA<\/u>:<\/strong><\/p>\n<!-- \/wp:paragraph -->\n\n<!-- wp:list -->\n<ul><!-- wp:list-item -->\n<li>El plazo de entrega de los trabajos <strong>ser\u00e1 desde el 6 de mayo<\/strong> <strong>hasta el d\u00eda 31 de julio<\/strong> <strong>de 2024 <\/strong>,<strong>a las 13horas<\/strong>.<\/li>\n<!-- \/wp:list-item --><\/ul>\n<!-- \/wp:list -->\n\n<!-- wp:paragraph -->\n<p><strong><u>T\u00c9CNICA FOTOGR\u00c1FICA<\/u><\/strong>:<\/p>\n<!-- \/wp:paragraph -->\n\n<!-- wp:list -->\n<ul><!-- wp:list-item -->\n<li>Existe absoluta libertad en cuanto a t\u00e9cnica fotogr\u00e1fica, edici\u00f3n y a cualquier aspecto de la creaci\u00f3n de la obra.<\/li>\n<!-- \/wp:list-item -->\n\n<!-- wp:list-item -->\n<li>Las fotograf\u00edas no llevar\u00e1n marca de agua ni cualquier distintivo que permita reconocer al autor.<\/li>\n<!-- \/wp:list-item --><\/ul>\n<!-- \/wp:list -->\n\n<!-- wp:paragraph -->\n<p><strong><u>FORMATO<\/u>:<\/strong><\/p>\n<!-- \/wp:paragraph -->\n\n<!-- wp:paragraph -->\n<p>Las fotograf\u00edas deber\u00e1n presentarse en formato digital y deber\u00e1n cumplir los siguientes requisitos: Archivo JPG, modo RGB, 300 PPP y tama\u00f1o 20 cm en el lado m\u00ednimo.<\/p>\n<!-- \/wp:paragraph -->\n\n<!-- wp:paragraph -->\n<p><strong><u>AUTOR\u00cdA<\/u>:<\/strong><\/p>\n<!-- \/wp:paragraph -->\n\n<!-- wp:paragraph -->\n<p>Las fotograf\u00edas deben ser originales e in\u00e9ditas, no habi\u00e9ndose presentado con anterioridad en otros concursos, webs o cualquier otro medio digital o impreso.<\/p>\n<!-- \/wp:paragraph -->\n\n<!-- wp:paragraph -->\n<p>Los participantes se responsabilizan totalmente de ser los \u00fanicos autores, de que no existan derechos a terceros, as\u00ed como de toda reclamaci\u00f3n por derechos de imagen sobre las obras presentadas al concurso.<\/p>\n<!-- \/wp:paragraph -->\n\n<!-- wp:paragraph -->\n<p><strong><u>TEM\u00c1TICA<\/u>:<\/strong><\/p>\n<!-- \/wp:paragraph -->\n\n<!-- wp:list -->\n<ul><!-- wp:list-item -->\n<li>Las im\u00e1genes deber\u00e1n girar en torno a la Salud Mental.<\/li>\n<!-- \/wp:list-item -->\n\n<!-- wp:list-item -->\n<li>Se valorar\u00e1 los trabajos que contribuyan a la eliminaci\u00f3n de mitos en torno a los problemas de Salud Mental.<\/li>\n<!-- \/wp:list-item -->\n\n<!-- wp:list-item -->\n<li>Se valorar\u00e1 la creatividad, originalidad y calidad t\u00e9cnica.<\/li>\n<!-- \/wp:list-item -->\n\n<!-- wp:list-item -->\n<li>Aquellas fotograf\u00edas en las que aparezcan personas como protagonistas, deber\u00e1n contar con su autorizaci\u00f3n escrita. No se publicar\u00e1n ni aceptar\u00e1n archivos con contenidos contrarios al derecho al honor, a la intimidad personal y familiar o a la propia imagen de las personas y a las instituciones que representen.<\/li>\n<!-- \/wp:list-item --><\/ul>\n<!-- \/wp:list -->\n\n<!-- wp:paragraph -->\n<p><strong><u>PRESENTACI\u00d3N DE LA OBRA<\/u><\/strong>:<\/p>\n<!-- \/wp:paragraph -->\n\n<!-- wp:list -->\n<ul><!-- wp:list-item -->\n<li>Podr\u00e1n presentarse un m\u00e1ximo de 3 obras por persona.<\/li>\n<!-- \/wp:list-item -->\n\n<!-- wp:list-item -->\n<li>El participante manifiesta y garantiza a Salud Mental Villarrobledo que es el \u00fanico titular de todos los derechos de autor sobre la obra que presenta a concurso.<\/li>\n<!-- \/wp:list-item -->\n\n<!-- wp:list-item -->\n<li>Cada obra deber\u00e1 presentarse con el t\u00edtulo y una breve descripci\u00f3n de la misma.&nbsp;<\/li>\n<!-- \/wp:list-item -->\n\n<!-- wp:list-item -->\n<li><strong>La asociaci\u00f3n Salud Mental Villarrobledo se reserva el derecho a modificar en cualquier momento las condiciones del presente concurso, incluso su posible anulaci\u00f3n antes del plazo prefijado, siempre que concurra causa justa para ello, comprometi\u00e9ndose a comunicar las nuevas bases, condiciones de la promoci\u00f3n o su anulaci\u00f3n definitiva, sin que de ello pueda derivarse responsabilidad alguna para la asociaci\u00f3n Salud Mental Villarrobledo.<\/strong><\/li>\n<!-- \/wp:list-item --><\/ul>\n<!-- \/wp:list -->\n\n<!-- wp:paragraph -->\n<p><strong><u>SELECCI\u00d3N Y PUBLICACI\u00d3N DE LAS FOTOGRAF\u00cdAS<\/u><\/strong>:<\/p>\n<!-- \/wp:paragraph -->\n\n<!-- wp:list -->\n<ul><!-- wp:list-item -->\n<li>El jurado estar\u00e1 compuesto por usuarios de la entidad Salud Mental Villarrobledo, que participan en acciones de sensibilizaci\u00f3n, profesionales de la asociaci\u00f3n y profesionales de la fotograf\u00eda.<\/li>\n<!-- \/wp:list-item -->\n\n<!-- wp:list-item -->\n<li>El jurado seleccionar\u00e1 las 3 fotograf\u00edas ganadoras entre los 10 trabajos m\u00e1s votados.<\/li>\n<!-- \/wp:list-item -->\n\n<!-- wp:list-item -->\n<li><strong><em>El fallo del jurado se realizar\u00e1 el 9 &nbsp;de agosto de 2024.<\/em><\/strong><\/li>\n<!-- \/wp:list-item -->\n\n<!-- wp:list-item -->\n<li>Los nombres de los ganadores y trabajos de los premiados se publicar\u00e1n en la p\u00e1gina web <a href=\"http:\/\/www.saludmentalvillarrobledo.org\">www.saludmentalvillarrobledo.org<\/a> y se difundir\u00e1n a trav\u00e9s de Facebook e Instagram.<\/li>\n<!-- \/wp:list-item -->\n\n<!-- wp:list-item -->\n<li>Se realizar\u00e1 una amplia selecci\u00f3n de las obras presentadas para la realizaci\u00f3n de una exposici\u00f3n fotogr\u00e1fica el a\u00f1o siguiente, con motivo de la celebraci\u00f3n del D\u00eda Mundial de la Salud Mental.<\/li>\n<!-- \/wp:list-item -->\n\n<!-- wp:list-item -->\n<li>Una vez seleccionadas las obras ganadoras se contactar\u00e1 con el autor para solicitar de nuevo el env\u00edo de la fotograf\u00eda al m\u00e1ximo de resoluci\u00f3n y calidad, para la exposici\u00f3n.<\/li>\n<!-- \/wp:list-item --><\/ul>\n<!-- \/wp:list -->\n\n<!-- wp:paragraph -->\n<p><strong><u>PREMIOS<\/u>:<\/strong><\/p>\n<!-- \/wp:paragraph -->\n\n<!-- wp:list -->\n<ul><!-- wp:list-item -->\n<li>1. Premio: <strong>200<\/strong> \u20ac<\/li>\n<!-- \/wp:list-item -->\n\n<!-- wp:list-item -->\n<li>2. Premio: <strong>100<\/strong> \u20ac<\/li>\n<!-- \/wp:list-item -->\n\n<!-- wp:list-item -->\n<li>3. Premio: <strong>50<\/strong> \u20ac<\/li>\n<!-- \/wp:list-item --><\/ul>\n<!-- \/wp:list -->\n\n<!-- wp:paragraph -->\n<p><em>Con sus correspondientes retenciones fiscales.<\/em><\/p>\n<!-- \/wp:paragraph -->\n\n<!-- wp:paragraph -->\n<p><strong><u>DATOS PERSONALES<\/u><\/strong><\/p>\n<!-- \/wp:paragraph -->\n\n<!-- wp:paragraph -->\n<p>Los datos personales facilitados figurar\u00e1n en un registro informatizado propiedad de la Asociaci\u00f3n Salud Mental Villarrobledo, ante el cual el participante podr\u00e1 ejercer sus derechos de acceso, rectificaci\u00f3n, cancelaci\u00f3n y oposici\u00f3n (Ley Org\u00e1nica 3\/2018 de 5 de diciembre), y ser\u00e1n utilizados exclusivamente para enviar informaci\u00f3n sobre las actividades de sensibilizaci\u00f3n organizadas por la asociaci\u00f3n.<\/p>\n<!-- \/wp:paragraph -->\n\n<!-- wp:paragraph -->\n<p><strong><u>DERECHOS Y OBLIGACIONES<\/u><\/strong><\/p>\n<!-- \/wp:paragraph -->\n\n<!-- wp:paragraph -->\n<p>Quienes hayan obtenido uno de los premios o hayan participado en el presente certamen ceder\u00e1n los derechos de uso de las obras a la Asociaci\u00f3n Salud Mental Villarrobledo, en Albacete, pudiendo publicar dichas fotos en cualquier medio, incluidas las redes sociales, siempre con fines promocionales e informativos sobre las leg\u00edtimas acciones de la asociaci\u00f3n. Tambi\u00e9n autorizan a Salud Mental Villarrobledo a comunicar p\u00fablicamente sus nombres. Se mantienen los derechos de propiedad de la obra a sus creadores.<\/p>\n<!-- \/wp:paragraph -->\n\n<!-- wp:paragraph -->\n<p>El autor se responsabiliza de que no existan derechos de terceros en las obras presentadas, as\u00ed como de toda reclamaci\u00f3n de terceros por derechos de imagen.<\/p>\n<!-- \/wp:paragraph -->\n\n<!-- wp:paragraph -->\n<p>La Asociaci\u00f3n Salud Mental Villarrobledo se reserva el derecho de denegar la entrega del premio a cualquiera de los favorecidos si comprueba o existen fundadas sospechas de fraude o enga\u00f1o por parte del participante.<\/p>\n<!-- \/wp:paragraph -->\n\n<!-- wp:paragraph -->\n<p><strong><u>CONTACTO<\/u>:<\/strong><br>Para cualquier duda nos pod\u00e9is contactar a trav\u00e9s del correo electr\u00f3nico: <a href=\"mailto:asociaci\u00f3n@salumentalvillarrobledo.org\">asociaci\u00f3n@salumentalvillarrobledo.org<\/a> o en el tel\u00e9fono 967 14 44 42<\/p>\n<!-- \/wp:paragraph -->","_et_gb_content_width":"","footnotes":""},"categories":[1,14],"tags":[],"class_list":["post-2614","post","type-post","status-publish","format-standard","has-post-thumbnail","hentry","category-sin-categoria","category-lucha-contra-el-estigma"],"nelio_content":{"autoShareEndMode":"never","automationSources":{"useCustomSentences":false,"customSentences":[]},"efiAlt":"","efiUrl":"","followers":[2],"highlights":[],"isAutoShareEnabled":true,"networkImageIds":[],"permalinkQueryArgs":[],"series":[],"suggestedReferences":[]},"_links":{"self":[{"href":"https:\/\/saludmentalvillarrobledo.org\/index.php\/wp-json\/wp\/v2\/posts\/2614","targetHints":{"allow":["GET"]}}],"collection":[{"href":"https:\/\/saludmentalvillarrobledo.org\/index.php\/wp-json\/wp\/v2\/posts"}],"about":[{"href":"https:\/\/saludmentalvillarrobledo.org\/index.php\/wp-json\/wp\/v2\/types\/post"}],"author":[{"embeddable":true,"href":"https:\/\/saludmentalvillarrobledo.org\/index.php\/wp-json\/wp\/v2\/users\/2"}],"replies":[{"embeddable":true,"href":"https:\/\/saludmentalvillarrobledo.org\/index.php\/wp-json\/wp\/v2\/comments?post=2614"}],"version-history":[{"count":4,"href":"https:\/\/saludmentalvillarrobledo.org\/index.php\/wp-json\/wp\/v2\/posts\/2614\/revisions"}],"predecessor-version":[{"id":2633,"href":"https:\/\/saludmentalvillarrobledo.org\/index.php\/wp-json\/wp\/v2\/posts\/2614\/revisions\/2633"}],"wp:featuredmedia":[{"embeddable":true,"href":"https:\/\/saludmentalvillarrobledo.org\/index.php\/wp-json\/wp\/v2\/media\/2256"}],"wp:attachment":[{"href":"https:\/\/saludmentalvillarrobledo.org\/index.php\/wp-json\/wp\/v2\/media?parent=2614"}],"wp:term":[{"taxonomy":"category","embeddable":true,"href":"https:\/\/saludmentalvillarrobledo.org\/index.php\/wp-json\/wp\/v2\/categories?post=2614"},{"taxonomy":"post_tag","embeddable":true,"href":"https:\/\/saludmentalvillarrobledo.org\/index.php\/wp-json\/wp\/v2\/tags?post=2614"}],"curies":[{"name":"wp","href":"https:\/\/api.w.org\/{rel}","templated":true}]}}