{"id":2350,"date":"2024-03-08T08:58:31","date_gmt":"2024-03-08T08:58:31","guid":{"rendered":"https:\/\/saludmentalvillarrobledo.org\/?p=2350"},"modified":"2026-03-02T10:10:53","modified_gmt":"2026-03-02T10:10:53","slug":"8m-un-dia-que-suma","status":"publish","type":"post","link":"https:\/\/saludmentalvillarrobledo.org\/index.php\/2024\/03\/08\/8m-un-dia-que-suma\/","title":{"rendered":"8M. Un d\u00eda que suma."},"content":{"rendered":"[et_pb_section admin_label=\u00bbsection\u00bb]\n\t\t\t[et_pb_row admin_label=\u00bbrow\u00bb]\n\t\t\t\t[et_pb_column type=\u00bb4_4&#8243;][et_pb_text admin_label=\u00bbText\u00bb]\n<p>Desde el grupo de sensibilizaci\u00f3n y derechos humanos ponemos de manifiesto la doble discriminaci\u00f3n por ser mujer y tener problemas de salud mental que a d\u00eda de hoy seguimos encontrando de forma cotidiana, gener\u00e1ndonos sentimientos de baja autoestima, injusticia y frustraci\u00f3n.<\/p>\n\n\n\n<p><br>La desigualdad producida por un sistema patriarcal, junto a la condici\u00f3n biol\u00f3gica, estereotipos de g\u00e9nero y otros factores socioecon\u00f3micos siguen posicion\u00e1ndonos a la mujer con un mayor \u00edndice de probabilidad de sufrir problemas de salud mental respecto al hombre.<\/p>\n\n\n\n<p><br>Por esto, seguimos trabajando en la importancia del cuidado de la Salud Mental, celebrando, pero sobre todo revindicando una sociedad m\u00e1s igualitaria en derechos humanos.<br><\/p>\n[\/et_pb_text][\/et_pb_column]\n\t\t\t[\/et_pb_row]\n\t\t[\/et_pb_section]","protected":false},"excerpt":{"rendered":"<p>Desde el grupo de sensibilizaci\u00f3n y derechos humanos ponemos de manifiesto la doble discriminaci\u00f3n por ser mujer y tener problemas de salud mental que a d\u00eda de hoy seguimos encontrando de forma cotidiana, gener\u00e1ndonos sentimientos de baja autoestima, injusticia y frustraci\u00f3n. La desigualdad producida por un sistema patriarcal, junto a la condici\u00f3n biol\u00f3gica, estereotipos de [&hellip;]<\/p>\n","protected":false},"author":2,"featured_media":2354,"comment_status":"open","ping_status":"open","sticky":true,"template":"","format":"standard","meta":{"_et_pb_use_builder":"on","_et_pb_old_content":"<!-- wp:paragraph -->\n<p>Desde el grupo de sensibilizaci\u00f3n y derechos humanos ponemos de manifiesto la doble discriminaci\u00f3n por ser mujer y tener problemas de salud mental que a d\u00eda de hoy seguimos encontrando de forma cotidiana, gener\u00e1ndonos sentimientos de baja autoestima, injusticia y frustraci\u00f3n.<\/p>\n<!-- \/wp:paragraph -->\n\n<!-- wp:paragraph -->\n<p><br>La desigualdad producida por un sistema patriarcal, junto a la condici\u00f3n biol\u00f3gica, estereotipos de g\u00e9nero y otros factores socioecon\u00f3micos siguen posicion\u00e1ndonos a la mujer con un mayor \u00edndice de probabilidad de sufrir problemas de salud mental respecto al hombre.<\/p>\n<!-- \/wp:paragraph -->\n\n<!-- wp:paragraph -->\n<p><br>Por esto, seguimos trabajando en la importancia del cuidado de la Salud Mental, celebrando, pero sobre todo revindicando una sociedad m\u00e1s igualitaria en derechos humanos.<br><\/p>\n<!-- \/wp:paragraph -->","_et_gb_content_width":"","footnotes":""},"categories":[1,14],"tags":[],"class_list":["post-2350","post","type-post","status-publish","format-standard","has-post-thumbnail","hentry","category-sin-categoria","category-lucha-contra-el-estigma"],"nelio_content":{"autoShareEndMode":"never","automationSources":{"useCustomSentences":false,"customSentences":[]},"efiAlt":"","efiUrl":"","followers":[2,1],"highlights":[],"isAutoShareEnabled":true,"networkImageIds":[],"permalinkQueryArgs":[],"series":[],"suggestedReferences":[]},"_links":{"self":[{"href":"https:\/\/saludmentalvillarrobledo.org\/index.php\/wp-json\/wp\/v2\/posts\/2350","targetHints":{"allow":["GET"]}}],"collection":[{"href":"https:\/\/saludmentalvillarrobledo.org\/index.php\/wp-json\/wp\/v2\/posts"}],"about":[{"href":"https:\/\/saludmentalvillarrobledo.org\/index.php\/wp-json\/wp\/v2\/types\/post"}],"author":[{"embeddable":true,"href":"https:\/\/saludmentalvillarrobledo.org\/index.php\/wp-json\/wp\/v2\/users\/2"}],"replies":[{"embeddable":true,"href":"https:\/\/saludmentalvillarrobledo.org\/index.php\/wp-json\/wp\/v2\/comments?post=2350"}],"version-history":[{"count":4,"href":"https:\/\/saludmentalvillarrobledo.org\/index.php\/wp-json\/wp\/v2\/posts\/2350\/revisions"}],"predecessor-version":[{"id":2619,"href":"https:\/\/saludmentalvillarrobledo.org\/index.php\/wp-json\/wp\/v2\/posts\/2350\/revisions\/2619"}],"wp:featuredmedia":[{"embeddable":true,"href":"https:\/\/saludmentalvillarrobledo.org\/index.php\/wp-json\/wp\/v2\/media\/2354"}],"wp:attachment":[{"href":"https:\/\/saludmentalvillarrobledo.org\/index.php\/wp-json\/wp\/v2\/media?parent=2350"}],"wp:term":[{"taxonomy":"category","embeddable":true,"href":"https:\/\/saludmentalvillarrobledo.org\/index.php\/wp-json\/wp\/v2\/categories?post=2350"},{"taxonomy":"post_tag","embeddable":true,"href":"https:\/\/saludmentalvillarrobledo.org\/index.php\/wp-json\/wp\/v2\/tags?post=2350"}],"curies":[{"name":"wp","href":"https:\/\/api.w.org\/{rel}","templated":true}]}}