{"id":2346,"date":"2024-02-23T08:51:47","date_gmt":"2024-02-23T08:51:47","guid":{"rendered":"https:\/\/saludmentalvillarrobledo.org\/?p=2346"},"modified":"2026-03-02T10:11:09","modified_gmt":"2026-03-02T10:11:09","slug":"nuevos-retos-en-el-camino-de-la-lucha-contra-el-estigma","status":"publish","type":"post","link":"https:\/\/saludmentalvillarrobledo.org\/index.php\/2024\/02\/23\/nuevos-retos-en-el-camino-de-la-lucha-contra-el-estigma\/","title":{"rendered":"Nuevos retos en el camino de la lucha contra el estigma"},"content":{"rendered":"[et_pb_section admin_label=\u00bbsection\u00bb]\n\t\t\t[et_pb_row admin_label=\u00bbrow\u00bb]\n\t\t\t\t[et_pb_column type=\u00bb4_4&#8243;][et_pb_text admin_label=\u00bbText\u00bb]\n<figure class=\"wp-block-image size-large\"><img loading=\"lazy\" decoding=\"async\" width=\"1024\" height=\"768\" src=\"https:\/\/saludmentalvillarrobledo.org\/wp-content\/uploads\/2024\/02\/IMG_20240222_133315-1024x768.jpg\" alt=\"\" class=\"wp-image-2348\" srcset=\"https:\/\/saludmentalvillarrobledo.org\/wp-content\/uploads\/2024\/02\/IMG_20240222_133315-980x735.jpg 980w, https:\/\/saludmentalvillarrobledo.org\/wp-content\/uploads\/2024\/02\/IMG_20240222_133315-480x360.jpg 480w\" sizes=\"(min-width: 0px) and (max-width: 480px) 480px, (min-width: 481px) and (max-width: 980px) 980px, (min-width: 981px) 1024px, 100vw\" \/><\/figure>\n\n\n\n<p>Desde el grupo de Sensibilizaci\u00f3n, lucha contra el estigma y  derechos humanos que se lleva a cabo en el CRPSL de Villarrobledo tenemos un nuevo proyecto: Hacer un podcast.<\/p>\n\n\n\n<p>Vivimos en un mundo d\u00f3nde existe una gran cantidad de plataformas de divulgaci\u00f3n de informaci\u00f3n sobre  salud mental, pero no existe tanta informaci\u00f3n de  salud mental contada desde la experiencia en primera persona.<\/p>\n\n\n\n<p>Desde este grupo estamos en pro de romper con la imagen negativa que se proyecta sobre las personas que tienen problemas de salud mental, tambi\u00e9n nos gustar\u00eda hacer hincapi\u00e9  sobre el trastorno mental grave.<\/p>\n\n\n\n<p>Nos gustar\u00eda poder abordar temas sobre los distintos trastornos mentales, comentar c\u00f3mo el movimiento en primera persona ha revolucionado  y humanizado  la atenci\u00f3n en  de salud mental , nos gustar\u00eda que profesionales explicasen a toda la poblaci\u00f3n la sintomatolog\u00eda del trastorno mental, y hablar sobre la importancia de los valores, y los proyectos vitales.<\/p>\n[\/et_pb_text][\/et_pb_column]\n\t\t\t[\/et_pb_row]\n\t\t[\/et_pb_section]","protected":false},"excerpt":{"rendered":"<p>Desde el grupo de Sensibilizaci\u00f3n, lucha contra el estigma y derechos humanos que se lleva a cabo en el CRPSL de Villarrobledo tenemos un nuevo proyecto: Hacer un podcast. Vivimos en un mundo d\u00f3nde existe una gran cantidad de plataformas de divulgaci\u00f3n de informaci\u00f3n sobre salud mental, pero no existe tanta informaci\u00f3n de salud mental [&hellip;]<\/p>\n","protected":false},"author":2,"featured_media":2348,"comment_status":"open","ping_status":"open","sticky":true,"template":"","format":"standard","meta":{"_et_pb_use_builder":"on","_et_pb_old_content":"<!-- wp:image {\"id\":2348,\"sizeSlug\":\"large\",\"linkDestination\":\"none\"} -->\n<figure class=\"wp-block-image size-large\"><img src=\"https:\/\/saludmentalvillarrobledo.org\/wp-content\/uploads\/2024\/02\/IMG_20240222_133315-1024x768.jpg\" alt=\"\" class=\"wp-image-2348\"\/><\/figure>\n<!-- \/wp:image -->\n\n<!-- wp:paragraph -->\n<p>Desde el grupo de Sensibilizaci\u00f3n, lucha contra el estigma y  derechos humanos que se lleva a cabo en el CRPSL de Villarrobledo tenemos un nuevo proyecto: Hacer un podcast.<\/p>\n<!-- \/wp:paragraph -->\n\n<!-- wp:paragraph -->\n<p>Vivimos en un mundo d\u00f3nde existe una gran cantidad de plataformas de divulgaci\u00f3n de informaci\u00f3n sobre  salud mental, pero no existe tanta informaci\u00f3n de  salud mental contada desde la experiencia en primera persona.<\/p>\n<!-- \/wp:paragraph -->\n\n<!-- wp:paragraph -->\n<p>Desde este grupo estamos en pro de romper con la imagen negativa que se proyecta sobre las personas que tienen problemas de salud mental, tambi\u00e9n nos gustar\u00eda hacer hincapi\u00e9  sobre el trastorno mental grave.<\/p>\n<!-- \/wp:paragraph -->\n\n<!-- wp:paragraph -->\n<p>Nos gustar\u00eda poder abordar temas sobre los distintos trastornos mentales, comentar c\u00f3mo el movimiento en primera persona ha revolucionado  y humanizado  la atenci\u00f3n en  de salud mental , nos gustar\u00eda que profesionales explicasen a toda la poblaci\u00f3n la sintomatolog\u00eda del trastorno mental, y hablar sobre la importancia de los valores, y los proyectos vitales.<\/p>\n<!-- \/wp:paragraph -->","_et_gb_content_width":"","footnotes":""},"categories":[1,14],"tags":[],"class_list":["post-2346","post","type-post","status-publish","format-standard","has-post-thumbnail","hentry","category-sin-categoria","category-lucha-contra-el-estigma"],"nelio_content":{"autoShareEndMode":"never","automationSources":{"useCustomSentences":false,"customSentences":[]},"efiAlt":"","efiUrl":"","followers":[2,1],"highlights":[],"isAutoShareEnabled":true,"networkImageIds":[],"permalinkQueryArgs":[],"series":[],"suggestedReferences":[]},"_links":{"self":[{"href":"https:\/\/saludmentalvillarrobledo.org\/index.php\/wp-json\/wp\/v2\/posts\/2346","targetHints":{"allow":["GET"]}}],"collection":[{"href":"https:\/\/saludmentalvillarrobledo.org\/index.php\/wp-json\/wp\/v2\/posts"}],"about":[{"href":"https:\/\/saludmentalvillarrobledo.org\/index.php\/wp-json\/wp\/v2\/types\/post"}],"author":[{"embeddable":true,"href":"https:\/\/saludmentalvillarrobledo.org\/index.php\/wp-json\/wp\/v2\/users\/2"}],"replies":[{"embeddable":true,"href":"https:\/\/saludmentalvillarrobledo.org\/index.php\/wp-json\/wp\/v2\/comments?post=2346"}],"version-history":[{"count":2,"href":"https:\/\/saludmentalvillarrobledo.org\/index.php\/wp-json\/wp\/v2\/posts\/2346\/revisions"}],"predecessor-version":[{"id":2620,"href":"https:\/\/saludmentalvillarrobledo.org\/index.php\/wp-json\/wp\/v2\/posts\/2346\/revisions\/2620"}],"wp:featuredmedia":[{"embeddable":true,"href":"https:\/\/saludmentalvillarrobledo.org\/index.php\/wp-json\/wp\/v2\/media\/2348"}],"wp:attachment":[{"href":"https:\/\/saludmentalvillarrobledo.org\/index.php\/wp-json\/wp\/v2\/media?parent=2346"}],"wp:term":[{"taxonomy":"category","embeddable":true,"href":"https:\/\/saludmentalvillarrobledo.org\/index.php\/wp-json\/wp\/v2\/categories?post=2346"},{"taxonomy":"post_tag","embeddable":true,"href":"https:\/\/saludmentalvillarrobledo.org\/index.php\/wp-json\/wp\/v2\/tags?post=2346"}],"curies":[{"name":"wp","href":"https:\/\/api.w.org\/{rel}","templated":true}]}}