{"id":2314,"date":"2024-02-01T12:04:36","date_gmt":"2024-02-01T12:04:36","guid":{"rendered":"https:\/\/saludmentalvillarrobledo.org\/?p=2314"},"modified":"2026-03-02T10:11:18","modified_gmt":"2026-03-02T10:11:18","slug":"reflexiones-sobre-la-salud-mental","status":"publish","type":"post","link":"https:\/\/saludmentalvillarrobledo.org\/index.php\/2024\/02\/01\/reflexiones-sobre-la-salud-mental\/","title":{"rendered":"REFLEXIONES SOBRE LA SALUD MENTAL"},"content":{"rendered":"\n<p>A prop\u00f3sito del II Concurso de Fotograf\u00eda, este a\u00f1o hemos querido plasmar el relato personal de los protagonistas de este concurso. <\/p>\n\n\n\n<p>La finalidad ha sido que pudieran compartir y transmitir lo que les inspir\u00f3 a realizar su obra, qu\u00e9 piensan sobre la salud mental y la necesidad de romper el estigma proyectado \u00a0en las personas que sufren trastorno mental grave.<\/p>\n\n\n\n<ul class=\"wp-block-list\">\n<li class=\"has-medium-font-size\"><strong>Relato: Primera Obra Ganadora \u00bb Vac\u00edo\u00bb por Javier Arcenillas. <\/strong><\/li>\n<\/ul>\n\n\n\n<figure class=\"wp-block-video\"><video height=\"1080\" style=\"aspect-ratio: 1920 \/ 1080;\" width=\"1920\" controls src=\"https:\/\/saludmentalvillarrobledo.org\/wp-content\/uploads\/2023\/12\/1-PREMIO-JAVIER-ARCENILLAS-3.mp4\"><\/video><\/figure>\n\n\n\n<figure class=\"wp-block-image size-large\"><img loading=\"lazy\" decoding=\"async\" width=\"819\" height=\"1024\" src=\"https:\/\/saludmentalvillarrobledo.org\/wp-content\/uploads\/2023\/12\/Vacio-819x1024.jpg\" alt=\"\" class=\"wp-image-2320\"\/><\/figure>\n\n\n\n<p class=\"has-medium-font-size\"><\/p>\n\n\n\n<ul class=\"wp-block-list\">\n<li class=\"has-medium-font-size\"><strong>Relato: Tercera Obra Ganadora \u00abCrecer en la Adversidad\u00bb por Iago Manoel Souto Lorenzo.<\/strong><\/li>\n<\/ul>\n\n\n\n<figure class=\"wp-block-video\"><video height=\"888\" style=\"aspect-ratio: 1578 \/ 888;\" width=\"1578\" controls src=\"https:\/\/saludmentalvillarrobledo.org\/wp-content\/uploads\/2023\/12\/III-PREMIO-Iago-Manoel-Souto-Lorenzo-Video-Agradecimiento.mp4\"><\/video><\/figure>\n\n\n\n<figure class=\"wp-block-image size-large\"><img loading=\"lazy\" decoding=\"async\" width=\"1024\" height=\"683\" src=\"https:\/\/saludmentalvillarrobledo.org\/wp-content\/uploads\/2023\/12\/Crecer-en-la-adversidad-1024x683.jpg\" alt=\"\" class=\"wp-image-2322\" srcset=\"https:\/\/saludmentalvillarrobledo.org\/wp-content\/uploads\/2023\/12\/Crecer-en-la-adversidad-980x653.jpg 980w, https:\/\/saludmentalvillarrobledo.org\/wp-content\/uploads\/2023\/12\/Crecer-en-la-adversidad-480x320.jpg 480w\" sizes=\"(min-width: 0px) and (max-width: 480px) 480px, (min-width: 481px) and (max-width: 980px) 980px, (min-width: 981px) 1024px, 100vw\" \/><figcaption class=\"wp-element-caption\">Crecer en la adversidad<\/figcaption><\/figure>\n\n\n\n<p><em><strong>Gracias por compartir vuestra reflexi\u00f3n y dar visibilidad a la salud mental.<\/strong><\/em><\/p>\n","protected":false},"excerpt":{"rendered":"<p>A prop\u00f3sito del II Concurso de Fotograf\u00eda, este a\u00f1o hemos querido plasmar el relato personal de los protagonistas de este concurso. La finalidad ha sido que pudieran compartir y transmitir lo que les inspir\u00f3 a realizar su obra, qu\u00e9 piensan sobre la salud mental y la necesidad de romper el estigma proyectado \u00a0en las personas [&hellip;]<\/p>\n","protected":false},"author":2,"featured_media":2320,"comment_status":"open","ping_status":"open","sticky":true,"template":"","format":"standard","meta":{"_et_pb_use_builder":"off","_et_pb_old_content":"","_et_gb_content_width":"","footnotes":""},"categories":[1,14],"tags":[],"class_list":["post-2314","post","type-post","status-publish","format-standard","has-post-thumbnail","hentry","category-sin-categoria","category-lucha-contra-el-estigma"],"nelio_content":{"autoShareEndMode":"never","automationSources":{"useCustomSentences":false,"customSentences":[]},"efiAlt":"","efiUrl":"","followers":[2],"highlights":[],"isAutoShareEnabled":true,"networkImageIds":[],"permalinkQueryArgs":[],"series":[],"suggestedReferences":[]},"_links":{"self":[{"href":"https:\/\/saludmentalvillarrobledo.org\/index.php\/wp-json\/wp\/v2\/posts\/2314","targetHints":{"allow":["GET"]}}],"collection":[{"href":"https:\/\/saludmentalvillarrobledo.org\/index.php\/wp-json\/wp\/v2\/posts"}],"about":[{"href":"https:\/\/saludmentalvillarrobledo.org\/index.php\/wp-json\/wp\/v2\/types\/post"}],"author":[{"embeddable":true,"href":"https:\/\/saludmentalvillarrobledo.org\/index.php\/wp-json\/wp\/v2\/users\/2"}],"replies":[{"embeddable":true,"href":"https:\/\/saludmentalvillarrobledo.org\/index.php\/wp-json\/wp\/v2\/comments?post=2314"}],"version-history":[{"count":1,"href":"https:\/\/saludmentalvillarrobledo.org\/index.php\/wp-json\/wp\/v2\/posts\/2314\/revisions"}],"predecessor-version":[{"id":2324,"href":"https:\/\/saludmentalvillarrobledo.org\/index.php\/wp-json\/wp\/v2\/posts\/2314\/revisions\/2324"}],"wp:featuredmedia":[{"embeddable":true,"href":"https:\/\/saludmentalvillarrobledo.org\/index.php\/wp-json\/wp\/v2\/media\/2320"}],"wp:attachment":[{"href":"https:\/\/saludmentalvillarrobledo.org\/index.php\/wp-json\/wp\/v2\/media?parent=2314"}],"wp:term":[{"taxonomy":"category","embeddable":true,"href":"https:\/\/saludmentalvillarrobledo.org\/index.php\/wp-json\/wp\/v2\/categories?post=2314"},{"taxonomy":"post_tag","embeddable":true,"href":"https:\/\/saludmentalvillarrobledo.org\/index.php\/wp-json\/wp\/v2\/tags?post=2314"}],"curies":[{"name":"wp","href":"https:\/\/api.w.org\/{rel}","templated":true}]}}