{"id":2302,"date":"2023-12-26T10:45:53","date_gmt":"2023-12-26T10:45:53","guid":{"rendered":"https:\/\/saludmentalvillarrobledo.org\/?p=2302"},"modified":"2026-03-02T10:11:39","modified_gmt":"2026-03-02T10:11:39","slug":"ii-concurso-de-fotografia","status":"publish","type":"post","link":"https:\/\/saludmentalvillarrobledo.org\/index.php\/2023\/12\/26\/ii-concurso-de-fotografia\/","title":{"rendered":"II CONCURSO DE FOTOGRAF\u00cdA"},"content":{"rendered":"\n[et_pb_section fb_built=\u00bb1&#8243; admin_label=\u00bbsection\u00bb _builder_version=\u00bb4.16&#8243; global_colors_info=\u00bb{}\u00bb][et_pb_row admin_label=\u00bbrow\u00bb _builder_version=\u00bb4.16&#8243; background_size=\u00bbinitial\u00bb background_position=\u00bbtop_left\u00bb background_repeat=\u00bbrepeat\u00bb global_colors_info=\u00bb{}\u00bb][et_pb_column type=\u00bb4_4&#8243; _builder_version=\u00bb4.16&#8243; custom_padding=\u00bb|||\u00bb global_colors_info=\u00bb{}\u00bb custom_padding__hover=\u00bb|||\u00bb][et_pb_text admin_label=\u00bbText\u00bb _builder_version=\u00bb4.16&#8243; background_size=\u00bbinitial\u00bb background_position=\u00bbtop_left\u00bb background_repeat=\u00bbrepeat\u00bb global_colors_info=\u00bb{}\u00bb]<!-- divi:paragraph -->\n<p>Desde la Asociaci\u00f3n Salud Mental Villarrobledo y dentro del programa de sensibilizaci\u00f3n y lucha contra el estigma, se ha realizado la segunda edici\u00f3n del II Concurso de Fotograf\u00eda de Salud Mental.<\/p>\n<!-- \/divi:paragraph -->\n\n<!-- divi:paragraph {\"style\":{\"elements\":{\"link\":{\"color\":{\"text\":\"var:preset|color|vivid-red\"}}}},\"textColor\":\"vivid-red\"} -->\n<p class=\"has-vivid-red-color has-text-color has-link-color\"><em>El objetivo es fomentar la reflexi\u00f3n y contribuir a generar una ciudadan\u00eda consciente, emp\u00e1tica, participativa e inclusiva hacia la Salud Mental.<\/em><\/p>\n<!-- \/divi:paragraph -->\n\n<!-- divi:paragraph -->\n<p>Alrededor de 25 artistas han participado en el concurso, presentando una obra por autor. <\/p>\n<!-- \/divi:paragraph -->\n\n<!-- divi:paragraph -->\n<p>Este a\u00f1o\u00a0tuvimos la suerte de poder contar con la ayuda de\u00a0<a href=\"https:\/\/www.instagram.com\/explore\/tags\/pacocamacho\/\" target=\"_blank\" rel=\"noopener\">#PacoCamacho<\/a>, profesor de fotograf\u00eda en\u00a0<a href=\"https:\/\/www.instagram.com\/upvdo\/\" target=\"_blank\" rel=\"noopener\">@upvdo<\/a>. Gracias a su participaci\u00f3n y a las de las personas que participan en el\u00a0<a href=\"https:\/\/www.instagram.com\/explore\/tags\/grupodesensibilizacionyluchacontraelestigma\/\" target=\"_blank\" rel=\"noopener\">#grupodesensibilizacionyluchacontraelestigma<\/a>\u00a0se pudo realizar la votaci\u00f3n y selecci\u00f3n de obras ganadoras en el\u00a0<a href=\"https:\/\/www.instagram.com\/explore\/tags\/iiconcursofotografiasaludmental\/\" target=\"_blank\" rel=\"noopener\">#IIconcursofotografiasaludmental<\/a>\u00a0\ud83c\udfc6\ud83d\udcf8.<\/p>\n<!-- \/divi:paragraph -->\n\n<!-- divi:image {\"id\":2303,\"sizeSlug\":\"large\",\"linkDestination\":\"none\"} -->\n<figure class=\"wp-block-image size-large\"><img loading=\"lazy\" decoding=\"async\" width=\"1024\" height=\"1024\" src=\"https:\/\/saludmentalvillarrobledo.org\/wp-content\/uploads\/2023\/12\/2-1024x1024.jpg\" alt=\"\" class=\"wp-image-2303\" srcset=\"https:\/\/saludmentalvillarrobledo.org\/wp-content\/uploads\/2023\/12\/2-1024x1024.jpg 1024w, https:\/\/saludmentalvillarrobledo.org\/wp-content\/uploads\/2023\/12\/2-980x980.jpg 980w, https:\/\/saludmentalvillarrobledo.org\/wp-content\/uploads\/2023\/12\/2-480x480.jpg 480w\" sizes=\"(min-width: 0px) and (max-width: 480px) 480px, (min-width: 481px) and (max-width: 980px) 980px, (min-width: 981px) 1024px, 100vw\" \/><\/figure>\n<!-- \/divi:image -->\n\n<!-- divi:image {\"id\":2304,\"sizeSlug\":\"large\",\"linkDestination\":\"none\"} -->\n<figure class=\"wp-block-image size-large\"><img loading=\"lazy\" decoding=\"async\" width=\"1024\" height=\"1024\" src=\"https:\/\/saludmentalvillarrobledo.org\/wp-content\/uploads\/2023\/12\/3-1024x1024.jpg\" alt=\"\" class=\"wp-image-2304\" srcset=\"https:\/\/saludmentalvillarrobledo.org\/wp-content\/uploads\/2023\/12\/3-1024x1024.jpg 1024w, https:\/\/saludmentalvillarrobledo.org\/wp-content\/uploads\/2023\/12\/3-980x980.jpg 980w, https:\/\/saludmentalvillarrobledo.org\/wp-content\/uploads\/2023\/12\/3-480x480.jpg 480w\" sizes=\"(min-width: 0px) and (max-width: 480px) 480px, (min-width: 481px) and (max-width: 980px) 980px, (min-width: 981px) 1024px, 100vw\" \/><\/figure>\n<!-- \/divi:image -->\n\n<!-- divi:paragraph -->\n<p><\/p>\n<!-- \/divi:paragraph -->\n\n<!-- divi:image {\"id\":2305,\"sizeSlug\":\"large\",\"linkDestination\":\"none\"} -->\n<figure class=\"wp-block-image size-large\"><img loading=\"lazy\" decoding=\"async\" width=\"1080\" height=\"1080\" src=\"https:\/\/saludmentalvillarrobledo.org\/wp-content\/uploads\/2023\/12\/4-1024x1024.jpg\" alt=\"\" class=\"wp-image-2305\" srcset=\"https:\/\/saludmentalvillarrobledo.org\/wp-content\/uploads\/2023\/12\/4-1024x1024.jpg 1080w, https:\/\/saludmentalvillarrobledo.org\/wp-content\/uploads\/2023\/12\/4-980x980.jpg 980w, https:\/\/saludmentalvillarrobledo.org\/wp-content\/uploads\/2023\/12\/4-480x480.jpg 480w\" sizes=\"(min-width: 0px) and (max-width: 480px) 480px, (min-width: 481px) and (max-width: 980px) 980px, (min-width: 981px) 1080px, 100vw\" \/><\/figure>\n<!-- \/divi:image -->\n\n<!-- divi:image {\"id\":2306,\"sizeSlug\":\"large\",\"linkDestination\":\"none\"} -->\n<figure class=\"wp-block-image size-large\"><img loading=\"lazy\" decoding=\"async\" width=\"1024\" height=\"1024\" src=\"https:\/\/saludmentalvillarrobledo.org\/wp-content\/uploads\/2023\/12\/5-1024x1024.jpg\" alt=\"\" class=\"wp-image-2306\" srcset=\"https:\/\/saludmentalvillarrobledo.org\/wp-content\/uploads\/2023\/12\/5-1024x1024.jpg 1024w, https:\/\/saludmentalvillarrobledo.org\/wp-content\/uploads\/2023\/12\/5-980x980.jpg 980w, https:\/\/saludmentalvillarrobledo.org\/wp-content\/uploads\/2023\/12\/5-480x480.jpg 480w\" sizes=\"(min-width: 0px) and (max-width: 480px) 480px, (min-width: 481px) and (max-width: 980px) 980px, (min-width: 981px) 1024px, 100vw\" \/><\/figure>\n<!-- \/divi:image -->[\/et_pb_text][\/et_pb_column][\/et_pb_row][\/et_pb_section]\n","protected":false},"excerpt":{"rendered":"<p>Desde la Asociaci\u00f3n Salud Mental Villarrobledo y dentro del programa de sensibilizaci\u00f3n y lucha contra el estigma, se ha realizado la segunda edici\u00f3n del II Concurso de Fotograf\u00eda de Salud Mental. El objetivo es fomentar la reflexi\u00f3n y contribuir a generar una ciudadan\u00eda consciente, emp\u00e1tica, participativa e inclusiva hacia la Salud Mental. Alrededor de 25 [&hellip;]<\/p>\n","protected":false},"author":2,"featured_media":2323,"comment_status":"open","ping_status":"open","sticky":true,"template":"","format":"standard","meta":{"_et_pb_use_builder":"on","_et_pb_old_content":"<!-- wp:paragraph -->\n<p>Desde la Asociaci\u00f3n Salud Mental Villarrobledo y dentro del programa de sensibilizaci\u00f3n y lucha contra el estigma, se ha realizado la segunda edici\u00f3n del II Concurso de Fotograf\u00eda de Salud Mental.<\/p>\n<!-- \/wp:paragraph -->\n\n<!-- wp:paragraph {\"style\":{\"elements\":{\"link\":{\"color\":{\"text\":\"var:preset|color|vivid-red\"}}}},\"textColor\":\"vivid-red\"} -->\n<p class=\"has-vivid-red-color has-text-color has-link-color\"><em>El objetivo es fomentar la reflexi\u00f3n y contribuir a generar una ciudadan\u00eda consciente, emp\u00e1tica, participativa e inclusiva hacia la Salud Mental.<\/em><\/p>\n<!-- \/wp:paragraph -->\n\n<!-- wp:paragraph -->\n<p>Alrededor de 25 artistas han participado en el concurso, presentando una obra por autor. <\/p>\n<!-- \/wp:paragraph -->\n\n<!-- wp:paragraph -->\n<p>Este a\u00f1o\u00a0tuvimos la suerte de poder contar con la ayuda de\u00a0<a href=\"https:\/\/www.instagram.com\/explore\/tags\/pacocamacho\/\">#PacoCamacho<\/a>, profesor de fotograf\u00eda en\u00a0<a href=\"https:\/\/www.instagram.com\/upvdo\/\">@upvdo<\/a>. Gracias a su participaci\u00f3n y a las de las personas que participan en el\u00a0<a href=\"https:\/\/www.instagram.com\/explore\/tags\/grupodesensibilizacionyluchacontraelestigma\/\">#grupodesensibilizacionyluchacontraelestigma<\/a>\u00a0se pudo realizar la votaci\u00f3n y selecci\u00f3n de obras ganadoras en el\u00a0<a href=\"https:\/\/www.instagram.com\/explore\/tags\/iiconcursofotografiasaludmental\/\">#IIconcursofotografiasaludmental<\/a>\u00a0\ud83c\udfc6\ud83d\udcf8.<\/p>\n<!-- \/wp:paragraph -->\n\n<!-- wp:image {\"id\":2303,\"sizeSlug\":\"large\",\"linkDestination\":\"none\"} -->\n<figure class=\"wp-block-image size-large\"><img src=\"https:\/\/saludmentalvillarrobledo.org\/wp-content\/uploads\/2023\/12\/2-1024x1024.jpg\" alt=\"\" class=\"wp-image-2303\"\/><\/figure>\n<!-- \/wp:image -->\n\n<!-- wp:image {\"id\":2304,\"sizeSlug\":\"large\",\"linkDestination\":\"none\"} -->\n<figure class=\"wp-block-image size-large\"><img src=\"https:\/\/saludmentalvillarrobledo.org\/wp-content\/uploads\/2023\/12\/3-1024x1024.jpg\" alt=\"\" class=\"wp-image-2304\"\/><\/figure>\n<!-- \/wp:image -->\n\n<!-- wp:paragraph -->\n<p><\/p>\n<!-- \/wp:paragraph -->\n\n<!-- wp:image {\"id\":2305,\"sizeSlug\":\"large\",\"linkDestination\":\"none\"} -->\n<figure class=\"wp-block-image size-large\"><img src=\"https:\/\/saludmentalvillarrobledo.org\/wp-content\/uploads\/2023\/12\/4-1024x1024.jpg\" alt=\"\" class=\"wp-image-2305\"\/><\/figure>\n<!-- \/wp:image -->\n\n<!-- wp:image {\"id\":2306,\"sizeSlug\":\"large\",\"linkDestination\":\"none\"} -->\n<figure class=\"wp-block-image size-large\"><img src=\"https:\/\/saludmentalvillarrobledo.org\/wp-content\/uploads\/2023\/12\/5-1024x1024.jpg\" alt=\"\" class=\"wp-image-2306\"\/><\/figure>\n<!-- \/wp:image -->","_et_gb_content_width":"","footnotes":""},"categories":[1,14],"tags":[],"class_list":["post-2302","post","type-post","status-publish","format-standard","has-post-thumbnail","hentry","category-sin-categoria","category-lucha-contra-el-estigma"],"nelio_content":{"autoShareEndMode":"never","automationSources":{"useCustomSentences":false,"customSentences":[]},"efiAlt":"","efiUrl":"","followers":[2],"highlights":[],"isAutoShareEnabled":true,"networkImageIds":[],"permalinkQueryArgs":[],"series":[],"suggestedReferences":[]},"_links":{"self":[{"href":"https:\/\/saludmentalvillarrobledo.org\/index.php\/wp-json\/wp\/v2\/posts\/2302","targetHints":{"allow":["GET"]}}],"collection":[{"href":"https:\/\/saludmentalvillarrobledo.org\/index.php\/wp-json\/wp\/v2\/posts"}],"about":[{"href":"https:\/\/saludmentalvillarrobledo.org\/index.php\/wp-json\/wp\/v2\/types\/post"}],"author":[{"embeddable":true,"href":"https:\/\/saludmentalvillarrobledo.org\/index.php\/wp-json\/wp\/v2\/users\/2"}],"replies":[{"embeddable":true,"href":"https:\/\/saludmentalvillarrobledo.org\/index.php\/wp-json\/wp\/v2\/comments?post=2302"}],"version-history":[{"count":5,"href":"https:\/\/saludmentalvillarrobledo.org\/index.php\/wp-json\/wp\/v2\/posts\/2302\/revisions"}],"predecessor-version":[{"id":2337,"href":"https:\/\/saludmentalvillarrobledo.org\/index.php\/wp-json\/wp\/v2\/posts\/2302\/revisions\/2337"}],"wp:featuredmedia":[{"embeddable":true,"href":"https:\/\/saludmentalvillarrobledo.org\/index.php\/wp-json\/wp\/v2\/media\/2323"}],"wp:attachment":[{"href":"https:\/\/saludmentalvillarrobledo.org\/index.php\/wp-json\/wp\/v2\/media?parent=2302"}],"wp:term":[{"taxonomy":"category","embeddable":true,"href":"https:\/\/saludmentalvillarrobledo.org\/index.php\/wp-json\/wp\/v2\/categories?post=2302"},{"taxonomy":"post_tag","embeddable":true,"href":"https:\/\/saludmentalvillarrobledo.org\/index.php\/wp-json\/wp\/v2\/tags?post=2302"}],"curies":[{"name":"wp","href":"https:\/\/api.w.org\/{rel}","templated":true}]}}