{"id":2263,"date":"2023-09-27T13:05:50","date_gmt":"2023-09-27T13:05:50","guid":{"rendered":"https:\/\/saludmentalvillarrobledo.org\/?p=2263"},"modified":"2026-03-02T10:12:02","modified_gmt":"2026-03-02T10:12:02","slug":"bases","status":"publish","type":"post","link":"https:\/\/saludmentalvillarrobledo.org\/index.php\/2023\/09\/27\/bases\/","title":{"rendered":"BASES:"},"content":{"rendered":"\n[et_pb_section][et_pb_row][et_pb_column type=\u00bb4_4&#8243;][et_pb_text]<!-- divi:paragraph -->\n<p><strong><u>BASES<\/u>:<\/strong><\/p>\n<!-- \/divi:paragraph -->\n\n<!-- divi:paragraph -->\n<p>La promoci\u00f3n de la salud mental y la erradicaci\u00f3n del estigma asociado a las personas con problemas de salud mental es el hilo conductor de las actuaciones y l\u00edneas de intervenci\u00f3n de la sensibilizaci\u00f3n y la lucha contra el estigma.<\/p>\n<!-- \/divi:paragraph -->\n\n<!-- divi:paragraph -->\n<p>El objetivo, por tanto, es trabajar contra&nbsp;<strong>las actitudes negativas de rechazo y discriminaci\u00f3n<\/strong>&nbsp;que obstaculizan el&nbsp;<strong>ejercicio efectivo de los derechos de las personas<\/strong>&nbsp;con problemas de salud mental y sus familias. Entendemos que las consecuencias del estigma son la&nbsp;<strong>principal barrera para su recuperaci\u00f3n.<\/strong><\/p>\n<!-- \/divi:paragraph -->\n\n<!-- divi:paragraph -->\n<p>El proyecto de<strong>&nbsp;\u201cLUCHA CONTRA EL ESTIGMA\u201d<\/strong>, de la Asociaci\u00f3n Salud Mental Villarrobledo, trata de promocionar la Salud Mental y el apoyo social.<\/p>\n<!-- \/divi:paragraph -->\n\n<!-- divi:paragraph -->\n<p>El&nbsp;<strong>objetivo<\/strong>&nbsp;de este concurso es fomentar la reflexi\u00f3n y contribuir a generar una ciudadan\u00eda consciente, emp\u00e1tica, participativa e inclusiva hacia la Salud Mental a trav\u00e9s de la fotograf\u00eda.<\/p>\n<!-- \/divi:paragraph -->\n\n<!-- divi:paragraph -->\n<p><strong><u>PARTICIPACI\u00d3N<\/u>:<\/strong><\/p>\n<!-- \/divi:paragraph -->\n\n<!-- divi:list -->\n<ul><!-- divi:list-item -->\n<li>Podr\u00e1n participar las personas mayores de 18 a\u00f1os, residentes en Espa\u00f1a.<\/li>\n<!-- \/divi:list-item -->\n\n<!-- divi:list-item -->\n<li>La participaci\u00f3n en el concurso es gratuita.<\/li>\n<!-- \/divi:list-item -->\n\n<!-- divi:list-item -->\n<li>Cada persona puede presentar m\u00e1ximo 1 fotograf\u00edas.<\/li>\n<!-- \/divi:list-item --><\/ul>\n<!-- \/divi:list -->\n\n<!-- divi:paragraph -->\n<p><strong><u>INSCRIPCIONES<\/u><\/strong>:<\/p>\n<!-- \/divi:paragraph -->\n\n<!-- divi:paragraph {\"backgroundColor\":\"white\"} -->\n<p class=\"has-white-background-color has-background\">A trav\u00e9s del siguiente correo electr\u00f3nico:<strong>&nbsp;<a href=\"mailto:asociacion@salumentalvillarrobledo.org\">asociacion@saludmentalvillarrobledo.org<\/a>&nbsp;<\/strong>,&nbsp; enviando las obras acompa\u00f1adas de la siguiente informaci\u00f3n: Descripci\u00f3n de la obra, Nombre, Apellidos, Direcci\u00f3n, N\u00famero de DNI, Email y tel\u00e9fono. Especificando en el asunto del mensaje: II Concurso de fotograf\u00eda.<\/p>\n<!-- \/divi:paragraph -->\n\n<!-- divi:paragraph -->\n<p><strong><u>PLAZO DE ENTREGA<\/u>:<\/strong><\/p>\n<!-- \/divi:paragraph -->\n\n<!-- divi:list -->\n<ul><!-- divi:list-item -->\n<li>El plazo de entrega de los trabajos se amplia&nbsp;<strong><mark>desde el d\u00eda 27 de septiembre hasta el d\u00eda 30 de noviembre a las 13horas.<\/mark><\/strong><\/li>\n<!-- \/divi:list-item --><\/ul>\n<!-- \/divi:list -->\n\n<!-- divi:paragraph -->\n<p><strong><u>T\u00c9CNICA FOTOGR\u00c1FICA<\/u><\/strong>:<\/p>\n<!-- \/divi:paragraph -->\n\n<!-- divi:list -->\n<ul><!-- divi:list-item -->\n<li>Existe absoluta libertad en cuanto a t\u00e9cnica fotogr\u00e1fica, edici\u00f3n y a cualquier aspecto de la creaci\u00f3n de la obra.<\/li>\n<!-- \/divi:list-item -->\n\n<!-- divi:list-item -->\n<li>Las fotograf\u00edas no llevar\u00e1n marca de agua ni cualquier distintivo que permita reconocer al autor.<\/li>\n<!-- \/divi:list-item --><\/ul>\n<!-- \/divi:list -->\n\n<!-- divi:paragraph -->\n<p><strong><u>FORMATO<\/u>:<\/strong><\/p>\n<!-- \/divi:paragraph -->\n\n<!-- divi:paragraph -->\n<p>Las fotograf\u00edas deber\u00e1n presentarse en formato digital y deber\u00e1n cumplir los siguientes requisitos:&nbsp; Archivo JPG, JPG (peso entre 3Mb y 5Mb), modo RGB, 300 PPP y tama\u00f1o 20 cm en el lado mayor.<\/p>\n<!-- \/divi:paragraph -->\n\n<!-- divi:paragraph -->\n<p><strong><u>AUTOR\u00cdA<\/u>:<\/strong><\/p>\n<!-- \/divi:paragraph -->\n\n<!-- divi:paragraph -->\n<p>Las fotograf\u00edas deben ser originales e in\u00e9ditas, no habi\u00e9ndose presentado con anterioridad en otros concursos, webs o cualquier otro medio digital o impreso.<\/p>\n<!-- \/divi:paragraph -->\n\n<!-- divi:paragraph -->\n<p>Los participantes se responsabilizan totalmente de ser los \u00fanicos autores, de que no existan derechos a terceros, as\u00ed como de toda reclamaci\u00f3n por derechos de imagen sobre las obras presentadas al concurso.<\/p>\n<!-- \/divi:paragraph -->\n\n<!-- divi:paragraph -->\n<p><strong><u>TEM\u00c1TICA<\/u>:<\/strong><\/p>\n<!-- \/divi:paragraph -->\n\n<!-- divi:list -->\n<ul><!-- divi:list-item -->\n<li>Las im\u00e1genes deber\u00e1n girar en torno a la Salud Mental.<\/li>\n<!-- \/divi:list-item -->\n\n<!-- divi:list-item -->\n<li>Se valorar\u00e1 los trabajos que contribuyan a la eliminaci\u00f3n de mitos en torno a los problemas de Salud Mental.<\/li>\n<!-- \/divi:list-item -->\n\n<!-- divi:list-item -->\n<li>Se valorar\u00e1 la creatividad, originalidad y calidad t\u00e9cnica.<\/li>\n<!-- \/divi:list-item -->\n\n<!-- divi:list-item -->\n<li>Aquellas fotograf\u00edas en las que aparezcan personas como protagonistas, deber\u00e1n contar con su autorizaci\u00f3n escrita. No se publicar\u00e1n ni aceptar\u00e1n archivos con contenidos contrarios al derecho al honor, a la intimidad personal y familiar o a la propia imagen de las personas y a las instituciones que representen.<\/li>\n<!-- \/divi:list-item --><\/ul>\n<!-- \/divi:list -->\n\n<!-- divi:paragraph -->\n<p><strong><u>PRESENTACI\u00d3N DE LA OBRA<\/u><\/strong>:<\/p>\n<!-- \/divi:paragraph -->\n\n<!-- divi:list -->\n<ul><!-- divi:list-item -->\n<li>Podr\u00e1n presentarse un m\u00e1ximo de 1 obra por persona.<\/li>\n<!-- \/divi:list-item -->\n\n<!-- divi:list-item -->\n<li>El participante manifiesta y garantiza a Salud Mental Villarrobledo que es el \u00fanico titular de todos los derechos de autor sobre la obra que presenta a concurso.<\/li>\n<!-- \/divi:list-item -->\n\n<!-- divi:list-item -->\n<li>Cada obra deber\u00e1 presentarse con el t\u00edtulo y una breve descripci\u00f3n de la misma.&nbsp;<\/li>\n<!-- \/divi:list-item -->\n\n<!-- divi:list-item -->\n<li><\/li>\n<!-- \/divi:list-item -->\n\n<!-- divi:list-item -->\n<li><strong><u>SELECCI\u00d3N Y PUBLICACI\u00d3N DE LAS FOTOGRAF\u00cdAS<\/u><\/strong>:<\/li>\n<!-- \/divi:list-item --><\/ul>\n<!-- \/divi:list -->\n\n<!-- divi:list -->\n<ul><!-- divi:list-item -->\n<li>El jurado estar\u00e1 compuesto por usuarios de la entidad Salud Mental Villarrobledo, que participan en acciones de sensibilizaci\u00f3n, y, adem\u00e1s, por los miembros que la conforman.<\/li>\n<!-- \/divi:list-item -->\n\n<!-- divi:list-item -->\n<li>El jurado seleccionar\u00e1 las 3 fotograf\u00edas ganadoras entre los 10 trabajos m\u00e1s votados.<\/li>\n<!-- \/divi:list-item -->\n\n<!-- divi:list-item -->\n<li>El resultado del concurso se resolver\u00e1 en diciembre.<\/li>\n<!-- \/divi:list-item -->\n\n<!-- divi:list-item -->\n<li>Los nombres de los ganadores y trabajos de los premiados se publicar\u00e1n en la p\u00e1gina web&nbsp;<a href=\"http:\/\/www.saludmentalvillarrobledo.org\/\">www.saludmentalvillarrobledo.org<\/a>&nbsp;y se difundir\u00e1n a trav\u00e9s de Facebook e Instagram.<\/li>\n<!-- \/divi:list-item -->\n\n<!-- divi:list-item -->\n<li>Se realizar\u00e1 una amplia selecci\u00f3n de las obras presentadas para la realizaci\u00f3n de una exposici\u00f3n fotogr\u00e1fica el a\u00f1o siguiente, con motivo de la celebraci\u00f3n del D\u00eda Mundial de la Salud Mental.<\/li>\n<!-- \/divi:list-item -->\n\n<!-- divi:list-item -->\n<li>Una vez seleccionadas las obras ganadoras se contactar\u00e1 con el autor para solicitar de nuevo el env\u00edo de la fotograf\u00eda al m\u00e1ximo de resoluci\u00f3n y calidad, para la exposici\u00f3n.<\/li>\n<!-- \/divi:list-item -->\n\n<!-- divi:list-item -->\n<li><strong>La asociaci\u00f3n Salud Mental Villarrobledo se reserva el derecho a modificar en cualquier momento las condiciones del presente concurso, incluso su posible anulaci\u00f3n antes del plazo prefijado, siempre que concurra causa justa para ello, comprometi\u00e9ndose a comunicar las nuevas bases, condiciones de la promoci\u00f3n o su anulaci\u00f3n definitiva, sin que de ello pueda derivarse responsabilidad alguna para la asociaci\u00f3n Salud Mental Villarrobledo.<\/strong><\/li>\n<!-- \/divi:list-item --><\/ul>\n<!-- \/divi:list -->\n\n<!-- divi:paragraph -->\n<p><strong><u>PREMIOS<\/u>:<\/strong><\/p>\n<!-- \/divi:paragraph -->\n\n<!-- divi:list -->\n<ul><!-- divi:list-item -->\n<li>1. Premio:&nbsp;<strong>200<\/strong>&nbsp;\u20ac<\/li>\n<!-- \/divi:list-item -->\n\n<!-- divi:list-item -->\n<li>2. Premio:&nbsp;<strong>100<\/strong>&nbsp;\u20ac<\/li>\n<!-- \/divi:list-item -->\n\n<!-- divi:list-item -->\n<li>3. Premio:&nbsp;<strong>50<\/strong>&nbsp;\u20ac<\/li>\n<!-- \/divi:list-item --><\/ul>\n<!-- \/divi:list -->\n\n<!-- divi:paragraph -->\n<p><em>Con sus correspondientes retenciones fiscales.<\/em><\/p>\n<!-- \/divi:paragraph -->\n\n<!-- divi:paragraph {\"textColor\":\"luminous-vivid-orange\"} -->\n<p class=\"has-luminous-vivid-orange-color has-text-color\"><strong>El fallo del jurado se realizar\u00e1 el 14 de diciembre.<\/strong><\/p>\n<!-- \/divi:paragraph -->\n\n<!-- divi:paragraph -->\n<p><strong><u>DATOS PERSONALES<\/u><\/strong><\/p>\n<!-- \/divi:paragraph -->\n\n<!-- divi:paragraph -->\n<p>Los datos personales facilitados figurar\u00e1n en un registro informatizado propiedad de la Asociaci\u00f3n Salud Mental Villarrobledo, ante el cual el participante podr\u00e1 ejercer sus derechos de acceso, rectificaci\u00f3n, cancelaci\u00f3n y oposici\u00f3n (Ley Org\u00e1nica 3\/2018 de 5 de diciembre), y ser\u00e1n utilizados exclusivamente para enviar informaci\u00f3n sobre las actividades de sensibilizaci\u00f3n organizadas por la asociaci\u00f3n.<\/p>\n<!-- \/divi:paragraph -->\n\n<!-- divi:paragraph -->\n<p><strong><u>DERECHOS Y OBLIGACIONES<\/u><\/strong><\/p>\n<!-- \/divi:paragraph -->\n\n<!-- divi:paragraph -->\n<p>Quienes hayan obtenido uno de los premios o hayan participado en el presente certamen ceder\u00e1n los derechos de uso de las obras a la Asociaci\u00f3n Salud Mental Villarrobledo, en Albacete, pudiendo publicar dichas fotos en cualquier medio, incluidas las redes sociales, siempre con fines promocionales e informativos sobre las leg\u00edtimas acciones de la asociaci\u00f3n. Tambi\u00e9n autorizan a Salud Mental Villarrobledo a comunicar p\u00fablicamente sus nombres. Se mantienen los derechos de propiedad de la obra a sus creadores.<\/p>\n<!-- \/divi:paragraph -->\n\n<!-- divi:paragraph -->\n<p>El autor se responsabiliza de que no existan derechos de terceros en las obras presentadas, as\u00ed como de toda reclamaci\u00f3n de terceros por derechos de imagen.<\/p>\n<!-- \/divi:paragraph -->\n\n<!-- divi:paragraph -->\n<p>La Asociaci\u00f3n Salud Mental Villarrobledo se reserva el derecho de denegar la entrega del premio a cualquiera de los favorecidos si comprueba o existen fundadas sospechas de fraude o enga\u00f1o por parte del participante.<\/p>\n<!-- \/divi:paragraph -->\n\n<!-- divi:paragraph -->\n<p><strong><u>CONTACTO<\/u>:<\/strong><br>Para cualquier duda nos pod\u00e9is contactar a trav\u00e9s del correo electr\u00f3nico: asociacion@saludmentalvillarrobledo.org<\/p>\n<!-- \/divi:paragraph -->[\/et_pb_text][\/et_pb_column][\/et_pb_row][\/et_pb_section]\n","protected":false},"excerpt":{"rendered":"<p><div class=\"et_pb_section et_pb_section_0 et_section_regular\" >\n\t\t\t\t\n\t\t\t\t\n\t\t\t\t\n\t\t\t\t\n\t\t\t\t\n\t\t\t\t\n\t\t\t\t\n\t\t\t\t\n\t\t\t\t\n\t\t\t<\/div><div class=\"et_pb_row et_pb_row_0 et_pb_row_empty\">\n\t\t\t\t\n\t\t\t\t\n\t\t\t\t\n\t\t\t\t\n\t\t\t\t\n\t\t\t<\/div><div class=\"et_pb_module et_pb_text et_pb_text_0  et_pb_text_align_left et_pb_bg_layout_light\">\n\t\t\t\t\n\t\t\t\t\n\t\t\t\t\n\t\t\t\t\n\t\t\t\t\n\t\t\t<\/div> BASES: La promoci\u00f3n de la salud mental y la erradicaci\u00f3n del estigma asociado a las personas con problemas de salud mental es el hilo conductor de las actuaciones y l\u00edneas de intervenci\u00f3n de la sensibilizaci\u00f3n y la lucha contra el estigma. El objetivo, por tanto, es trabajar contra&nbsp;las actitudes negativas de rechazo y discriminaci\u00f3n&nbsp;que [&hellip;]<\/p>\n","protected":false},"author":2,"featured_media":2256,"comment_status":"open","ping_status":"open","sticky":true,"template":"","format":"standard","meta":{"_et_pb_use_builder":"on","_et_pb_old_content":"<!-- wp:paragraph -->\n<p><strong><u>BASES<\/u>:<\/strong><\/p>\n<!-- \/wp:paragraph -->\n\n<!-- wp:paragraph -->\n<p>La promoci\u00f3n de la salud mental y la erradicaci\u00f3n del estigma asociado a las personas con problemas de salud mental es el hilo conductor de las actuaciones y l\u00edneas de intervenci\u00f3n de la sensibilizaci\u00f3n y la lucha contra el estigma.<\/p>\n<!-- \/wp:paragraph -->\n\n<!-- wp:paragraph -->\n<p>El objetivo, por tanto, es trabajar contra&nbsp;<strong>las actitudes negativas de rechazo y discriminaci\u00f3n<\/strong>&nbsp;que obstaculizan el&nbsp;<strong>ejercicio efectivo de los derechos de las personas<\/strong>&nbsp;con problemas de salud mental y sus familias. Entendemos que las consecuencias del estigma son la&nbsp;<strong>principal barrera para su recuperaci\u00f3n.<\/strong><\/p>\n<!-- \/wp:paragraph -->\n\n<!-- wp:paragraph -->\n<p>El proyecto de<strong>&nbsp;\u201cLUCHA CONTRA EL ESTIGMA\u201d<\/strong>, de la Asociaci\u00f3n Salud Mental Villarrobledo, trata de promocionar la Salud Mental y el apoyo social.<\/p>\n<!-- \/wp:paragraph -->\n\n<!-- wp:paragraph -->\n<p>El&nbsp;<strong>objetivo<\/strong>&nbsp;de este concurso es fomentar la reflexi\u00f3n y contribuir a generar una ciudadan\u00eda consciente, emp\u00e1tica, participativa e inclusiva hacia la Salud Mental a trav\u00e9s de la fotograf\u00eda.<\/p>\n<!-- \/wp:paragraph -->\n\n<!-- wp:paragraph -->\n<p><strong><u>PARTICIPACI\u00d3N<\/u>:<\/strong><\/p>\n<!-- \/wp:paragraph -->\n\n<!-- wp:list -->\n<ul><!-- wp:list-item -->\n<li>Podr\u00e1n participar las personas mayores de 18 a\u00f1os, residentes en Espa\u00f1a.<\/li>\n<!-- \/wp:list-item -->\n\n<!-- wp:list-item -->\n<li>La participaci\u00f3n en el concurso es gratuita.<\/li>\n<!-- \/wp:list-item -->\n\n<!-- wp:list-item -->\n<li>Cada persona puede presentar m\u00e1ximo 1 fotograf\u00edas.<\/li>\n<!-- \/wp:list-item --><\/ul>\n<!-- \/wp:list -->\n\n<!-- wp:paragraph -->\n<p><strong><u>INSCRIPCIONES<\/u><\/strong>:<\/p>\n<!-- \/wp:paragraph -->\n\n<!-- wp:paragraph {\"backgroundColor\":\"white\"} -->\n<p class=\"has-white-background-color has-background\">A trav\u00e9s del siguiente correo electr\u00f3nico:<strong>&nbsp;<a href=\"mailto:asociacion@salumentalvillarrobledo.org\">asociacion@saludmentalvillarrobledo.org<\/a>&nbsp;<\/strong>,&nbsp; enviando las obras acompa\u00f1adas de la siguiente informaci\u00f3n: Descripci\u00f3n de la obra, Nombre, Apellidos, Direcci\u00f3n, N\u00famero de DNI, Email y tel\u00e9fono. Especificando en el asunto del mensaje: II Concurso de fotograf\u00eda.<\/p>\n<!-- \/wp:paragraph -->\n\n<!-- wp:paragraph -->\n<p><strong><u>PLAZO DE ENTREGA<\/u>:<\/strong><\/p>\n<!-- \/wp:paragraph -->\n\n<!-- wp:list -->\n<ul><!-- wp:list-item -->\n<li>El plazo de entrega de los trabajos se amplia&nbsp;<strong><mark>desde el d\u00eda 27 de septiembre hasta el d\u00eda 30 de noviembre a las 13horas.<\/mark><\/strong><\/li>\n<!-- \/wp:list-item --><\/ul>\n<!-- \/wp:list -->\n\n<!-- wp:paragraph -->\n<p><strong><u>T\u00c9CNICA FOTOGR\u00c1FICA<\/u><\/strong>:<\/p>\n<!-- \/wp:paragraph -->\n\n<!-- wp:list -->\n<ul><!-- wp:list-item -->\n<li>Existe absoluta libertad en cuanto a t\u00e9cnica fotogr\u00e1fica, edici\u00f3n y a cualquier aspecto de la creaci\u00f3n de la obra.<\/li>\n<!-- \/wp:list-item -->\n\n<!-- wp:list-item -->\n<li>Las fotograf\u00edas no llevar\u00e1n marca de agua ni cualquier distintivo que permita reconocer al autor.<\/li>\n<!-- \/wp:list-item --><\/ul>\n<!-- \/wp:list -->\n\n<!-- wp:paragraph -->\n<p><strong><u>FORMATO<\/u>:<\/strong><\/p>\n<!-- \/wp:paragraph -->\n\n<!-- wp:paragraph -->\n<p>Las fotograf\u00edas deber\u00e1n presentarse en formato digital y deber\u00e1n cumplir los siguientes requisitos:&nbsp; Archivo JPG, JPG (peso entre 3Mb y 5Mb), modo RGB, 300 PPP y tama\u00f1o 20 cm en el lado mayor.<\/p>\n<!-- \/wp:paragraph -->\n\n<!-- wp:paragraph -->\n<p><strong><u>AUTOR\u00cdA<\/u>:<\/strong><\/p>\n<!-- \/wp:paragraph -->\n\n<!-- wp:paragraph -->\n<p>Las fotograf\u00edas deben ser originales e in\u00e9ditas, no habi\u00e9ndose presentado con anterioridad en otros concursos, webs o cualquier otro medio digital o impreso.<\/p>\n<!-- \/wp:paragraph -->\n\n<!-- wp:paragraph -->\n<p>Los participantes se responsabilizan totalmente de ser los \u00fanicos autores, de que no existan derechos a terceros, as\u00ed como de toda reclamaci\u00f3n por derechos de imagen sobre las obras presentadas al concurso.<\/p>\n<!-- \/wp:paragraph -->\n\n<!-- wp:paragraph -->\n<p><strong><u>TEM\u00c1TICA<\/u>:<\/strong><\/p>\n<!-- \/wp:paragraph -->\n\n<!-- wp:list -->\n<ul><!-- wp:list-item -->\n<li>Las im\u00e1genes deber\u00e1n girar en torno a la Salud Mental.<\/li>\n<!-- \/wp:list-item -->\n\n<!-- wp:list-item -->\n<li>Se valorar\u00e1 los trabajos que contribuyan a la eliminaci\u00f3n de mitos en torno a los problemas de Salud Mental.<\/li>\n<!-- \/wp:list-item -->\n\n<!-- wp:list-item -->\n<li>Se valorar\u00e1 la creatividad, originalidad y calidad t\u00e9cnica.<\/li>\n<!-- \/wp:list-item -->\n\n<!-- wp:list-item -->\n<li>Aquellas fotograf\u00edas en las que aparezcan personas como protagonistas, deber\u00e1n contar con su autorizaci\u00f3n escrita. No se publicar\u00e1n ni aceptar\u00e1n archivos con contenidos contrarios al derecho al honor, a la intimidad personal y familiar o a la propia imagen de las personas y a las instituciones que representen.<\/li>\n<!-- \/wp:list-item --><\/ul>\n<!-- \/wp:list -->\n\n<!-- wp:paragraph -->\n<p><strong><u>PRESENTACI\u00d3N DE LA OBRA<\/u><\/strong>:<\/p>\n<!-- \/wp:paragraph -->\n\n<!-- wp:list -->\n<ul><!-- wp:list-item -->\n<li>Podr\u00e1n presentarse un m\u00e1ximo de 1 obra por persona.<\/li>\n<!-- \/wp:list-item -->\n\n<!-- wp:list-item -->\n<li>El participante manifiesta y garantiza a Salud Mental Villarrobledo que es el \u00fanico titular de todos los derechos de autor sobre la obra que presenta a concurso.<\/li>\n<!-- \/wp:list-item -->\n\n<!-- wp:list-item -->\n<li>Cada obra deber\u00e1 presentarse con el t\u00edtulo y una breve descripci\u00f3n de la misma.&nbsp;<\/li>\n<!-- \/wp:list-item -->\n\n<!-- wp:list-item -->\n<li><\/li>\n<!-- \/wp:list-item -->\n\n<!-- wp:list-item -->\n<li><strong><u>SELECCI\u00d3N Y PUBLICACI\u00d3N DE LAS FOTOGRAF\u00cdAS<\/u><\/strong>:<\/li>\n<!-- \/wp:list-item --><\/ul>\n<!-- \/wp:list -->\n\n<!-- wp:list -->\n<ul><!-- wp:list-item -->\n<li>El jurado estar\u00e1 compuesto por usuarios de la entidad Salud Mental Villarrobledo, que participan en acciones de sensibilizaci\u00f3n, y, adem\u00e1s, por los miembros que la conforman.<\/li>\n<!-- \/wp:list-item -->\n\n<!-- wp:list-item -->\n<li>El jurado seleccionar\u00e1 las 3 fotograf\u00edas ganadoras entre los 10 trabajos m\u00e1s votados.<\/li>\n<!-- \/wp:list-item -->\n\n<!-- wp:list-item -->\n<li>El resultado del concurso se resolver\u00e1 en diciembre.<\/li>\n<!-- \/wp:list-item -->\n\n<!-- wp:list-item -->\n<li>Los nombres de los ganadores y trabajos de los premiados se publicar\u00e1n en la p\u00e1gina web&nbsp;<a href=\"http:\/\/www.saludmentalvillarrobledo.org\/\">www.saludmentalvillarrobledo.org<\/a>&nbsp;y se difundir\u00e1n a trav\u00e9s de Facebook e Instagram.<\/li>\n<!-- \/wp:list-item -->\n\n<!-- wp:list-item -->\n<li>Se realizar\u00e1 una amplia selecci\u00f3n de las obras presentadas para la realizaci\u00f3n de una exposici\u00f3n fotogr\u00e1fica el a\u00f1o siguiente, con motivo de la celebraci\u00f3n del D\u00eda Mundial de la Salud Mental.<\/li>\n<!-- \/wp:list-item -->\n\n<!-- wp:list-item -->\n<li>Una vez seleccionadas las obras ganadoras se contactar\u00e1 con el autor para solicitar de nuevo el env\u00edo de la fotograf\u00eda al m\u00e1ximo de resoluci\u00f3n y calidad, para la exposici\u00f3n.<\/li>\n<!-- \/wp:list-item -->\n\n<!-- wp:list-item -->\n<li><strong>La asociaci\u00f3n Salud Mental Villarrobledo se reserva el derecho a modificar en cualquier momento las condiciones del presente concurso, incluso su posible anulaci\u00f3n antes del plazo prefijado, siempre que concurra causa justa para ello, comprometi\u00e9ndose a comunicar las nuevas bases, condiciones de la promoci\u00f3n o su anulaci\u00f3n definitiva, sin que de ello pueda derivarse responsabilidad alguna para la asociaci\u00f3n Salud Mental Villarrobledo.<\/strong><\/li>\n<!-- \/wp:list-item --><\/ul>\n<!-- \/wp:list -->\n\n<!-- wp:paragraph -->\n<p><strong><u>PREMIOS<\/u>:<\/strong><\/p>\n<!-- \/wp:paragraph -->\n\n<!-- wp:list -->\n<ul><!-- wp:list-item -->\n<li>1. Premio:&nbsp;<strong>200<\/strong>&nbsp;\u20ac<\/li>\n<!-- \/wp:list-item -->\n\n<!-- wp:list-item -->\n<li>2. Premio:&nbsp;<strong>100<\/strong>&nbsp;\u20ac<\/li>\n<!-- \/wp:list-item -->\n\n<!-- wp:list-item -->\n<li>3. Premio:&nbsp;<strong>50<\/strong>&nbsp;\u20ac<\/li>\n<!-- \/wp:list-item --><\/ul>\n<!-- \/wp:list -->\n\n<!-- wp:paragraph -->\n<p><em>Con sus correspondientes retenciones fiscales.<\/em><\/p>\n<!-- \/wp:paragraph -->\n\n<!-- wp:paragraph {\"textColor\":\"luminous-vivid-orange\"} -->\n<p class=\"has-luminous-vivid-orange-color has-text-color\"><strong>El fallo del jurado se realizar\u00e1 el 14 de diciembre.<\/strong><\/p>\n<!-- \/wp:paragraph -->\n\n<!-- wp:paragraph -->\n<p><strong><u>DATOS PERSONALES<\/u><\/strong><\/p>\n<!-- \/wp:paragraph -->\n\n<!-- wp:paragraph -->\n<p>Los datos personales facilitados figurar\u00e1n en un registro informatizado propiedad de la Asociaci\u00f3n Salud Mental Villarrobledo, ante el cual el participante podr\u00e1 ejercer sus derechos de acceso, rectificaci\u00f3n, cancelaci\u00f3n y oposici\u00f3n (Ley Org\u00e1nica 3\/2018 de 5 de diciembre), y ser\u00e1n utilizados exclusivamente para enviar informaci\u00f3n sobre las actividades de sensibilizaci\u00f3n organizadas por la asociaci\u00f3n.<\/p>\n<!-- \/wp:paragraph -->\n\n<!-- wp:paragraph -->\n<p><strong><u>DERECHOS Y OBLIGACIONES<\/u><\/strong><\/p>\n<!-- \/wp:paragraph -->\n\n<!-- wp:paragraph -->\n<p>Quienes hayan obtenido uno de los premios o hayan participado en el presente certamen ceder\u00e1n los derechos de uso de las obras a la Asociaci\u00f3n Salud Mental Villarrobledo, en Albacete, pudiendo publicar dichas fotos en cualquier medio, incluidas las redes sociales, siempre con fines promocionales e informativos sobre las leg\u00edtimas acciones de la asociaci\u00f3n. Tambi\u00e9n autorizan a Salud Mental Villarrobledo a comunicar p\u00fablicamente sus nombres. Se mantienen los derechos de propiedad de la obra a sus creadores.<\/p>\n<!-- \/wp:paragraph -->\n\n<!-- wp:paragraph -->\n<p>El autor se responsabiliza de que no existan derechos de terceros en las obras presentadas, as\u00ed como de toda reclamaci\u00f3n de terceros por derechos de imagen.<\/p>\n<!-- \/wp:paragraph -->\n\n<!-- wp:paragraph -->\n<p>La Asociaci\u00f3n Salud Mental Villarrobledo se reserva el derecho de denegar la entrega del premio a cualquiera de los favorecidos si comprueba o existen fundadas sospechas de fraude o enga\u00f1o por parte del participante.<\/p>\n<!-- \/wp:paragraph -->\n\n<!-- wp:paragraph -->\n<p><strong><u>CONTACTO<\/u>:<\/strong><br>Para cualquier duda nos pod\u00e9is contactar a trav\u00e9s del correo electr\u00f3nico: asociacion@saludmentalvillarrobledo.org<\/p>\n<!-- \/wp:paragraph -->","_et_gb_content_width":"","footnotes":""},"categories":[1,14],"tags":[],"class_list":["post-2263","post","type-post","status-publish","format-standard","has-post-thumbnail","hentry","category-sin-categoria","category-lucha-contra-el-estigma"],"nelio_content":{"autoShareEndMode":"never","automationSources":{"useCustomSentences":false,"customSentences":[]},"efiAlt":"","efiUrl":"","followers":[2],"highlights":[],"isAutoShareEnabled":true,"networkImageIds":[],"permalinkQueryArgs":[],"series":[],"suggestedReferences":[]},"_links":{"self":[{"href":"https:\/\/saludmentalvillarrobledo.org\/index.php\/wp-json\/wp\/v2\/posts\/2263","targetHints":{"allow":["GET"]}}],"collection":[{"href":"https:\/\/saludmentalvillarrobledo.org\/index.php\/wp-json\/wp\/v2\/posts"}],"about":[{"href":"https:\/\/saludmentalvillarrobledo.org\/index.php\/wp-json\/wp\/v2\/types\/post"}],"author":[{"embeddable":true,"href":"https:\/\/saludmentalvillarrobledo.org\/index.php\/wp-json\/wp\/v2\/users\/2"}],"replies":[{"embeddable":true,"href":"https:\/\/saludmentalvillarrobledo.org\/index.php\/wp-json\/wp\/v2\/comments?post=2263"}],"version-history":[{"count":7,"href":"https:\/\/saludmentalvillarrobledo.org\/index.php\/wp-json\/wp\/v2\/posts\/2263\/revisions"}],"predecessor-version":[{"id":22088,"href":"https:\/\/saludmentalvillarrobledo.org\/index.php\/wp-json\/wp\/v2\/posts\/2263\/revisions\/22088"}],"wp:featuredmedia":[{"embeddable":true,"href":"https:\/\/saludmentalvillarrobledo.org\/index.php\/wp-json\/wp\/v2\/media\/2256"}],"wp:attachment":[{"href":"https:\/\/saludmentalvillarrobledo.org\/index.php\/wp-json\/wp\/v2\/media?parent=2263"}],"wp:term":[{"taxonomy":"category","embeddable":true,"href":"https:\/\/saludmentalvillarrobledo.org\/index.php\/wp-json\/wp\/v2\/categories?post=2263"},{"taxonomy":"post_tag","embeddable":true,"href":"https:\/\/saludmentalvillarrobledo.org\/index.php\/wp-json\/wp\/v2\/tags?post=2263"}],"curies":[{"name":"wp","href":"https:\/\/api.w.org\/{rel}","templated":true}]}}