{"id":2233,"date":"2023-05-10T12:02:07","date_gmt":"2023-05-10T12:02:07","guid":{"rendered":"https:\/\/saludmentalvillarrobledo.org\/?p=2233"},"modified":"2026-03-02T10:12:32","modified_gmt":"2026-03-02T10:12:32","slug":"sin-salud-mental-no-hay-salud","status":"publish","type":"post","link":"https:\/\/saludmentalvillarrobledo.org\/index.php\/2023\/05\/10\/sin-salud-mental-no-hay-salud\/","title":{"rendered":"SIN SALUD MENTAL NO HAY SALUD"},"content":{"rendered":"\n<p>El pasado 31 de marzo tuvimos la visita de Almudena Castillejo, artista C\u00f3rdobesa, que vino a ilustrar un mural a gran escala en la fachada del PIO XII de Villarrobledo a favor de la Salud Mental. <\/p>\n\n\n\n<p>Durante la ejecuci\u00f3n de la obra participaron personas con problemas de salud mental, diversos colectivos y profesionales. <\/p>\n\n\n\n<p class=\"has-vivid-red-color has-text-color\"><strong><em>La idea principal fue promover una reinterpretaci\u00f3n discernida y creativa sobre la importancia de cuidar la Salud Mental. <\/em><\/strong><\/p>\n\n\n\n<p>Desde el grupo de sensibilizaci\u00f3n y lucha contra el estigma hoy hemos estado debatiendo sobre la percepci\u00f3n que tienen del mural y lo que creen que aportar\u00e1 a la comunidad. Algunas de las reflexiones que se han puesto en com\u00fan son las siguientes:<\/p>\n\n\n\n<p>\u00abLa representaci\u00f3n de las m\u00e1scaras es fundamental que las vayamos quitando poco a poco\u00bb Si no es f\u00e1cil de hacer por uno mismo cuanto m\u00e1s para la sociedad.  \u00abSiempre llevo la m\u00e1scara por miedo al rechazo, es una manera de autoprotecci\u00f3n\u00bb.<\/p>\n\n\n\n<p>\u00abLas m\u00e1scaras representan la autodefensa\u00bb nos ayudan a protegernos de los dem\u00e1s ya que no podemos controlar el estigma que la sociedad manifiesta respecto a las personas con problemas de salud mental. \u00abCuando te quitas una m\u00e1scara se produce un sentimiento de liberaci\u00f3n, siempre y cuando&#8230; te lleve a un mundo mejor, donde tus valores se puedan reafirmar aunque siempre se tenga la nube. La finalidad es volar como el avi\u00f3n\u00bb. <\/p>\n\n\n\n<p><em>En realidad todos llevamos una m\u00e1scara, tengamos problemas de salud mental o no. \u00abTodos tenemos nuestro rincon interior de reflexi\u00f3n\u00bb. <\/em><\/p>\n\n\n\n<p>\u00abEl mural es una manera de dar un paso hacia adelante, a favor de la salud mental. Hemos abanzado, cada d\u00eda se habla m\u00e1s de la salud mental, hasta en los medios de comunicaci\u00f3n, aunque algunas veces se haga de forma negativa\u00bb.  \u00abLa ilustraci\u00f3n trata de llevarnos hacia un jard\u00edn m\u00e1s positivo, m\u00e1s bonito hacia el camino de la felicidad.  Representa una manera de crear conciencia en la sociedad y de ayudar a que las personas se liberen de sus miedos y expresen sus emociones\u00bb. <\/p>\n\n\n\n<p><\/p>\n\n\n\n<p class=\"has-vivid-red-color has-text-color\"><strong><em>Y<\/em><\/strong><em><strong> &#8230;.RECUERDA: SIN SALUD MENTAL NO HAY SALUD<\/strong><\/em>.<\/p>\n\n\n\n<p class=\"has-small-font-size\">@saludmentalvillarrobledo  @almudenacastillejo<\/p>\n\n\n\n<p><\/p>\n\n\n\n<figure class=\"wp-block-gallery has-nested-images columns-default is-cropped wp-block-gallery-1 is-layout-flex wp-block-gallery-is-layout-flex\">\n<figure class=\"wp-block-image size-large\"><img loading=\"lazy\" decoding=\"async\" width=\"768\" height=\"1024\" data-id=\"2241\" src=\"https:\/\/saludmentalvillarrobledo.org\/wp-content\/uploads\/2023\/05\/IMG_20230331_123709-768x1024.jpg\" alt=\"\" class=\"wp-image-2241\"\/><\/figure>\n\n\n\n<figure class=\"wp-block-image size-large\"><img loading=\"lazy\" decoding=\"async\" width=\"768\" height=\"1024\" data-id=\"2244\" src=\"https:\/\/saludmentalvillarrobledo.org\/wp-content\/uploads\/2023\/05\/IMG_20230331_123736-768x1024.jpg\" alt=\"\" class=\"wp-image-2244\"\/><\/figure>\n\n\n\n<figure class=\"wp-block-image size-large\"><img loading=\"lazy\" decoding=\"async\" width=\"768\" height=\"1024\" data-id=\"2242\" src=\"https:\/\/saludmentalvillarrobledo.org\/wp-content\/uploads\/2023\/05\/IMG_20230331_124340-768x1024.jpg\" alt=\"\" class=\"wp-image-2242\"\/><\/figure>\n\n\n\n<figure class=\"wp-block-image size-large\"><img loading=\"lazy\" decoding=\"async\" width=\"1024\" height=\"768\" data-id=\"2245\" src=\"https:\/\/saludmentalvillarrobledo.org\/wp-content\/uploads\/2023\/05\/IMG_20230331_124848-1024x768.jpg\" alt=\"\" class=\"wp-image-2245\" srcset=\"https:\/\/saludmentalvillarrobledo.org\/wp-content\/uploads\/2023\/05\/IMG_20230331_124848-980x735.jpg 980w, https:\/\/saludmentalvillarrobledo.org\/wp-content\/uploads\/2023\/05\/IMG_20230331_124848-480x360.jpg 480w\" sizes=\"(min-width: 0px) and (max-width: 480px) 480px, (min-width: 481px) and (max-width: 980px) 980px, (min-width: 981px) 1024px, 100vw\" \/><\/figure>\n\n\n\n<figure class=\"wp-block-image size-large\"><img loading=\"lazy\" decoding=\"async\" width=\"1024\" height=\"768\" data-id=\"2243\" src=\"https:\/\/saludmentalvillarrobledo.org\/wp-content\/uploads\/2023\/05\/IMG_20230331_125626-1024x768.jpg\" alt=\"\" class=\"wp-image-2243\" srcset=\"https:\/\/saludmentalvillarrobledo.org\/wp-content\/uploads\/2023\/05\/IMG_20230331_125626-980x735.jpg 980w, https:\/\/saludmentalvillarrobledo.org\/wp-content\/uploads\/2023\/05\/IMG_20230331_125626-480x360.jpg 480w\" sizes=\"(min-width: 0px) and (max-width: 480px) 480px, (min-width: 481px) and (max-width: 980px) 980px, (min-width: 981px) 1024px, 100vw\" \/><\/figure>\n\n\n\n<figure class=\"wp-block-image size-large\"><img loading=\"lazy\" decoding=\"async\" width=\"1024\" height=\"768\" data-id=\"2246\" src=\"https:\/\/saludmentalvillarrobledo.org\/wp-content\/uploads\/2023\/05\/IMG_20230331_132241-1024x768.jpg\" alt=\"\" class=\"wp-image-2246\" srcset=\"https:\/\/saludmentalvillarrobledo.org\/wp-content\/uploads\/2023\/05\/IMG_20230331_132241-980x735.jpg 980w, https:\/\/saludmentalvillarrobledo.org\/wp-content\/uploads\/2023\/05\/IMG_20230331_132241-480x360.jpg 480w\" sizes=\"(min-width: 0px) and (max-width: 480px) 480px, (min-width: 481px) and (max-width: 980px) 980px, (min-width: 981px) 1024px, 100vw\" \/><\/figure>\n<\/figure>\n\n\n\n<p><\/p>\n\n\n\n<p class=\"has-vivid-red-color has-text-color has-medium-font-size\"><\/p>\n\n\n\n<p><\/p>\n\n\n\n<p><\/p>\n\n\n\n<p><br><\/p>\n\n\n\n<p><\/p>\n","protected":false},"excerpt":{"rendered":"<p>El pasado 31 de marzo tuvimos la visita de Almudena Castillejo, artista C\u00f3rdobesa, que vino a ilustrar un mural a gran escala en la fachada del PIO XII de Villarrobledo a favor de la Salud Mental. Durante la ejecuci\u00f3n de la obra participaron personas con problemas de salud mental, diversos colectivos y profesionales. La idea [&hellip;]<\/p>\n","protected":false},"author":2,"featured_media":2237,"comment_status":"open","ping_status":"open","sticky":true,"template":"","format":"standard","meta":{"_et_pb_use_builder":"off","_et_pb_old_content":"","_et_gb_content_width":"","footnotes":""},"categories":[1,14],"tags":[],"class_list":["post-2233","post","type-post","status-publish","format-standard","has-post-thumbnail","hentry","category-sin-categoria","category-lucha-contra-el-estigma"],"nelio_content":{"autoShareEndMode":"never","automationSources":{"useCustomSentences":false,"customSentences":[]},"efiAlt":"","efiUrl":"","followers":[2],"highlights":[],"isAutoShareEnabled":true,"networkImageIds":[],"permalinkQueryArgs":[],"series":[],"suggestedReferences":["https:\/\/www.instagram.com\/p\/CrAaULkNCQZ\/"]},"_links":{"self":[{"href":"https:\/\/saludmentalvillarrobledo.org\/index.php\/wp-json\/wp\/v2\/posts\/2233","targetHints":{"allow":["GET"]}}],"collection":[{"href":"https:\/\/saludmentalvillarrobledo.org\/index.php\/wp-json\/wp\/v2\/posts"}],"about":[{"href":"https:\/\/saludmentalvillarrobledo.org\/index.php\/wp-json\/wp\/v2\/types\/post"}],"author":[{"embeddable":true,"href":"https:\/\/saludmentalvillarrobledo.org\/index.php\/wp-json\/wp\/v2\/users\/2"}],"replies":[{"embeddable":true,"href":"https:\/\/saludmentalvillarrobledo.org\/index.php\/wp-json\/wp\/v2\/comments?post=2233"}],"version-history":[{"count":6,"href":"https:\/\/saludmentalvillarrobledo.org\/index.php\/wp-json\/wp\/v2\/posts\/2233\/revisions"}],"predecessor-version":[{"id":2248,"href":"https:\/\/saludmentalvillarrobledo.org\/index.php\/wp-json\/wp\/v2\/posts\/2233\/revisions\/2248"}],"wp:featuredmedia":[{"embeddable":true,"href":"https:\/\/saludmentalvillarrobledo.org\/index.php\/wp-json\/wp\/v2\/media\/2237"}],"wp:attachment":[{"href":"https:\/\/saludmentalvillarrobledo.org\/index.php\/wp-json\/wp\/v2\/media?parent=2233"}],"wp:term":[{"taxonomy":"category","embeddable":true,"href":"https:\/\/saludmentalvillarrobledo.org\/index.php\/wp-json\/wp\/v2\/categories?post=2233"},{"taxonomy":"post_tag","embeddable":true,"href":"https:\/\/saludmentalvillarrobledo.org\/index.php\/wp-json\/wp\/v2\/tags?post=2233"}],"curies":[{"name":"wp","href":"https:\/\/api.w.org\/{rel}","templated":true}]}}