{"id":2216,"date":"2023-01-18T16:18:53","date_gmt":"2023-01-18T16:18:53","guid":{"rendered":"https:\/\/saludmentalvillarrobledo.org\/?p=2216"},"modified":"2026-03-02T10:12:46","modified_gmt":"2026-03-02T10:12:46","slug":"dentro-de-una-vida-hay-muchas-vidas","status":"publish","type":"post","link":"https:\/\/saludmentalvillarrobledo.org\/index.php\/2023\/01\/18\/dentro-de-una-vida-hay-muchas-vidas\/","title":{"rendered":"Dentro de una vida hay muchas vidas"},"content":{"rendered":"\n<p>Desde el grupo de sensibilizaci\u00f3n y lucha contra el estigma hoy hemos estado debatiendo sobre c\u00f3mo las personas con problemas de salud mental creen ser percibidas por la sociedad. <\/p>\n\n\n\n<p>Algunas de las reflexiones que se han puesto en com\u00fan son las siguientes:<\/p>\n\n\n\n<p>La idea de que \u00ab<strong>la gente mayor tiene m\u00e1s paciencia a la hora de dirigirse a las personas, tienen m\u00e1s respeto, pero, la gente joven parece que se r\u00ede de todo hasta que les toca a ellos\u00bb<\/strong>, se ha hecho referencia al consumo de t\u00f3xicos en cuanto a que a algunos j\u00f3venes se les puede ir de las manos el consumo, sin valorar mientras a otras personas que ya han pasado por ello y ahora est\u00e1n sufriendo las consecuencias asociadas, como por ejemplo, la falta de comprensi\u00f3n o de respeto a los problemas de salud mental.<\/p>\n\n\n\n<p>Otra idea que ha surgido es que la depresi\u00f3n est\u00e1 tan aceptada que no se percibe como un trastorno mental pese a que lo es, lo que hace que se normalice mientras que se invisibiliza otros problemas de salud mental, como puede ser la esquizofrenia, el trastorno l\u00edmite de personalidad o la ansiedad.  Recuerda que:<\/p>\n\n\n\n<p class=\"has-text-align-center has-luminous-vivid-orange-color has-white-background-color has-text-color has-background\"><strong>\u00abHoy soy yo pero ma\u00f1ana puedes ser tu\u00bb<\/strong><\/p>\n\n\n\n<p>A veces tenemos la percepci\u00f3n de que las personas afectadas de salud mental son personas dependientes o con dificultad para llevar la vida cotidiana, pero los compa\u00f1eros manifiestan que   \u00ab<strong>Tener una enfermedad mental no impide ser independiente, aut\u00f3nomo, puedo hacer todo mi d\u00eda a d\u00eda sin depender de nadie<\/strong>\u00ab.  Para nosotros, es una necesidad que la gente empiece a cambiar la mirada hacia aqu\u00ed. <\/p>\n\n\n\n<p>Por \u00faltimo, se tiene la percepci\u00f3n de que \u00ab<strong>la sociedad est\u00e1 igual que siempre\u00bb<\/strong>, refiri\u00e9ndose a que no hay avances sobre la ruptura del tab\u00fa. \u00ab<strong>No se puede decir que tienes una enfermedad por miedo al rechazo<\/strong>\u00ab. Uno de los compa\u00f1eras  ha manifestado que \u00ab<strong>nunca he sido capaz de compartir ni a mis buenos amigos que padezco una enfermedad mental por miedo al rechazo; a\u00fan existe mucho estigma<\/strong>\u00ab<\/p>\n\n\n\n<p>A pesar de el miedo que genera enfrentarse a la sociedad respecto a los problemas de salud mental manifiesta \u00ab<strong>me hubiese gustado ser m\u00e1s sincero, contar lo que me pasaba sin miedo a que me juzgaran y nunca lo hice<\/strong>\u00ab.<\/p>\n\n\n\n<p>Desde el grupo de sensibilizaci\u00f3n consideramos importante seguir caminando hacia un cambio de mirada en la sociedad global.<\/p>\n","protected":false},"excerpt":{"rendered":"<p>Desde el grupo de sensibilizaci\u00f3n y lucha contra el estigma hoy hemos estado debatiendo sobre c\u00f3mo las personas con problemas de salud mental creen ser percibidas por la sociedad. Algunas de las reflexiones que se han puesto en com\u00fan son las siguientes: La idea de que \u00abla gente mayor tiene m\u00e1s paciencia a la hora [&hellip;]<\/p>\n","protected":false},"author":2,"featured_media":2217,"comment_status":"open","ping_status":"open","sticky":true,"template":"","format":"standard","meta":{"_et_pb_use_builder":"off","_et_pb_old_content":"","_et_gb_content_width":"","footnotes":""},"categories":[1,14],"tags":[],"class_list":["post-2216","post","type-post","status-publish","format-standard","has-post-thumbnail","hentry","category-sin-categoria","category-lucha-contra-el-estigma"],"nelio_content":{"autoShareEndMode":"never","automationSources":{"useCustomSentences":false,"customSentences":[]},"efiAlt":"","efiUrl":"","followers":[2],"highlights":[],"isAutoShareEnabled":true,"networkImageIds":[],"permalinkQueryArgs":[],"series":[],"suggestedReferences":[]},"_links":{"self":[{"href":"https:\/\/saludmentalvillarrobledo.org\/index.php\/wp-json\/wp\/v2\/posts\/2216","targetHints":{"allow":["GET"]}}],"collection":[{"href":"https:\/\/saludmentalvillarrobledo.org\/index.php\/wp-json\/wp\/v2\/posts"}],"about":[{"href":"https:\/\/saludmentalvillarrobledo.org\/index.php\/wp-json\/wp\/v2\/types\/post"}],"author":[{"embeddable":true,"href":"https:\/\/saludmentalvillarrobledo.org\/index.php\/wp-json\/wp\/v2\/users\/2"}],"replies":[{"embeddable":true,"href":"https:\/\/saludmentalvillarrobledo.org\/index.php\/wp-json\/wp\/v2\/comments?post=2216"}],"version-history":[{"count":1,"href":"https:\/\/saludmentalvillarrobledo.org\/index.php\/wp-json\/wp\/v2\/posts\/2216\/revisions"}],"predecessor-version":[{"id":2218,"href":"https:\/\/saludmentalvillarrobledo.org\/index.php\/wp-json\/wp\/v2\/posts\/2216\/revisions\/2218"}],"wp:featuredmedia":[{"embeddable":true,"href":"https:\/\/saludmentalvillarrobledo.org\/index.php\/wp-json\/wp\/v2\/media\/2217"}],"wp:attachment":[{"href":"https:\/\/saludmentalvillarrobledo.org\/index.php\/wp-json\/wp\/v2\/media?parent=2216"}],"wp:term":[{"taxonomy":"category","embeddable":true,"href":"https:\/\/saludmentalvillarrobledo.org\/index.php\/wp-json\/wp\/v2\/categories?post=2216"},{"taxonomy":"post_tag","embeddable":true,"href":"https:\/\/saludmentalvillarrobledo.org\/index.php\/wp-json\/wp\/v2\/tags?post=2216"}],"curies":[{"name":"wp","href":"https:\/\/api.w.org\/{rel}","templated":true}]}}