{"id":22159,"date":"2023-08-30T11:30:28","date_gmt":"2023-08-30T11:30:28","guid":{"rendered":"https:\/\/saludmentalvillarrobledo.org\/?p=22159"},"modified":"2026-03-19T11:42:51","modified_gmt":"2026-03-19T11:42:51","slug":"el-silencio-un-viaje-para-reflexionar-sobre-el-estigma-en-salud-mental","status":"publish","type":"post","link":"https:\/\/saludmentalvillarrobledo.org\/index.php\/2023\/08\/30\/el-silencio-un-viaje-para-reflexionar-sobre-el-estigma-en-salud-mental\/","title":{"rendered":"EL SILENCIO. Un viaje para reflexionar sobre el estigma en salud mental."},"content":{"rendered":"\n<p><em><strong>El silencio<\/strong><\/em> nace desde la Asociaci\u00f3n Salud Mental Villarrobledo, realizado por personas atendidas en el Centro de Rehabilitaci\u00f3n Psicosocial y Laboral, como una iniciativa centrada en la sensibilizaci\u00f3n y la lucha contra el estigma en salud mental.<\/p>\n\n\n\n<p>La finalidad es trabajar contra las actitudes negativas de rechazo y discriminaci\u00f3n que obstaculizan el ejercicio efectivo de los derechos de las personas con problemas de salud mental y sus familias. Entendemos que las consecuencias del estigma son la principal barrera para su recuperaci\u00f3n. <em>El silencio<\/em> invita a detenerse y observar. A cuestionar esas actitudes normalizadas y a tomar conciencia de c\u00f3mo, en muchas ocasiones, el estigma y el autoestigma se mantiene precisamente a trav\u00e9s de lo que no se dice, de lo que se evita o se ignora.<\/p>\n\n\n\n<p>El uso del lenguaje audiovisual permite trasladar este mensaje de forma cercana y accesible, favoreciendo la empat\u00eda y abriendo espacios de reflexi\u00f3n. Adem\u00e1s, el proceso de creaci\u00f3n del corto ha supuesto una experiencia significativa para las personas participantes, fomentando la expresi\u00f3n, la creatividad y el trabajo en equipo.<\/p>\n\n\n\n<p>Con este proyecto, la asociaci\u00f3n reafirma su compromiso con la sensibilizaci\u00f3n social, apostando por iniciativas que contribuyan a construir una mirada m\u00e1s justa, respetuosa y libre de prejuicios hacia la salud mental.<\/p>\n\n\n\n<figure class=\"wp-block-embed is-type-video is-provider-youtube wp-block-embed-youtube wp-embed-aspect-16-9 wp-has-aspect-ratio\"><div class=\"wp-block-embed__wrapper\">\n<iframe loading=\"lazy\" title=\"EL SILENCIO: Corto Luchando Contra el Estigma Social\" width=\"1080\" height=\"608\" src=\"https:\/\/www.youtube.com\/embed\/4i5kZyk5nXk?start=52&#038;feature=oembed\"  allow=\"accelerometer; autoplay; clipboard-write; encrypted-media; gyroscope; picture-in-picture; web-share\" referrerpolicy=\"strict-origin-when-cross-origin\" allowfullscreen><\/iframe>\n<\/div><\/figure>\n","protected":false},"excerpt":{"rendered":"<p>El silencio nace desde la Asociaci\u00f3n Salud Mental Villarrobledo, realizado por personas atendidas en el Centro de Rehabilitaci\u00f3n Psicosocial y Laboral, como una iniciativa centrada en la sensibilizaci\u00f3n y la lucha contra el estigma en salud mental. La finalidad es trabajar contra las actitudes negativas de rechazo y discriminaci\u00f3n que obstaculizan el ejercicio efectivo de [&hellip;]<\/p>\n","protected":false},"author":1,"featured_media":2508,"comment_status":"open","ping_status":"open","sticky":false,"template":"","format":"standard","meta":{"_et_pb_use_builder":"off","_et_pb_old_content":"","_et_gb_content_width":"","footnotes":""},"categories":[14],"tags":[],"class_list":["post-22159","post","type-post","status-publish","format-standard","has-post-thumbnail","hentry","category-lucha-contra-el-estigma"],"nelio_content":{"autoShareEndMode":"never","automationSources":{"useCustomSentences":false,"customSentences":[]},"efiAlt":"","efiUrl":"","followers":[1],"highlights":[],"isAutoShareEnabled":true,"networkImageIds":[],"permalinkQueryArgs":[],"series":[],"suggestedReferences":[]},"_links":{"self":[{"href":"https:\/\/saludmentalvillarrobledo.org\/index.php\/wp-json\/wp\/v2\/posts\/22159","targetHints":{"allow":["GET"]}}],"collection":[{"href":"https:\/\/saludmentalvillarrobledo.org\/index.php\/wp-json\/wp\/v2\/posts"}],"about":[{"href":"https:\/\/saludmentalvillarrobledo.org\/index.php\/wp-json\/wp\/v2\/types\/post"}],"author":[{"embeddable":true,"href":"https:\/\/saludmentalvillarrobledo.org\/index.php\/wp-json\/wp\/v2\/users\/1"}],"replies":[{"embeddable":true,"href":"https:\/\/saludmentalvillarrobledo.org\/index.php\/wp-json\/wp\/v2\/comments?post=22159"}],"version-history":[{"count":2,"href":"https:\/\/saludmentalvillarrobledo.org\/index.php\/wp-json\/wp\/v2\/posts\/22159\/revisions"}],"predecessor-version":[{"id":22164,"href":"https:\/\/saludmentalvillarrobledo.org\/index.php\/wp-json\/wp\/v2\/posts\/22159\/revisions\/22164"}],"wp:featuredmedia":[{"embeddable":true,"href":"https:\/\/saludmentalvillarrobledo.org\/index.php\/wp-json\/wp\/v2\/media\/2508"}],"wp:attachment":[{"href":"https:\/\/saludmentalvillarrobledo.org\/index.php\/wp-json\/wp\/v2\/media?parent=22159"}],"wp:term":[{"taxonomy":"category","embeddable":true,"href":"https:\/\/saludmentalvillarrobledo.org\/index.php\/wp-json\/wp\/v2\/categories?post=22159"},{"taxonomy":"post_tag","embeddable":true,"href":"https:\/\/saludmentalvillarrobledo.org\/index.php\/wp-json\/wp\/v2\/tags?post=22159"}],"curies":[{"name":"wp","href":"https:\/\/api.w.org\/{rel}","templated":true}]}}