{"id":22143,"date":"2025-10-15T07:37:44","date_gmt":"2025-10-15T07:37:44","guid":{"rendered":"https:\/\/saludmentalvillarrobledo.org\/?p=22143"},"modified":"2026-03-20T07:41:55","modified_gmt":"2026-03-20T07:41:55","slug":"dmsm-2025-compartimos-vulnerabilidad-defendamos-nuestra-salud-mental","status":"publish","type":"post","link":"https:\/\/saludmentalvillarrobledo.org\/index.php\/2025\/10\/15\/dmsm-2025-compartimos-vulnerabilidad-defendamos-nuestra-salud-mental\/","title":{"rendered":"DMSM 2025. Compartimos vulnerabilidad, defendamos nuestra salud mental."},"content":{"rendered":"\n<p>Como cada a\u00f1o, el 10 de Octubre se conmemora el D\u00eda Mundial de la Salud Mental , cuyo lema  este 2025 ha sido  <em>\u201cCompartimos vulnerabilidad, defendemos nuestra salud mental\u201d<\/em>. <\/p>\n\n\n\n<p>Hablamos de <strong>vulnerabilidad como algo humano y universal<\/strong>. Todas las personas, en alg\u00fan momento de nuestra vida, podemos sentirnos fr\u00e1giles, desbordadas o con dificultades emocionales. El lema invita a dejar de ver esa vulnerabilidad como algo negativo o que hay que ocultar, y empezar a entenderla como una parte natural de la vida.<\/p>\n\n\n\n<p>Pone el acento en la importancia de<strong> compartir<\/strong>. Cuando hablamos de lo que nos pasa, rompemos el silencio que muchas veces rodea a la salud mental. Compartir ayuda a reducir el estigma, a sentirnos menos solos y a generar espacios de apoyo mutuo.<\/p>\n\n\n\n<p>El lema incorpora una idea clave: <strong>defender la salud mental<\/strong>. Esto implica no solo cuidarnos a nivel individual, sino tambi\u00e9n reclamar entornos m\u00e1s comprensivos, accesibles e inclusivos. Es decir, entender que la salud mental tambi\u00e9n es una cuesti\u00f3n social y colectiva.<\/p>\n\n\n\n<p>Los actos comprenden distintas actividades en las que participaron personas usuarias, profesionales y comunidad. Estos espacios permitieron generar di\u00e1logo, compartir experiencias y fomentar una mirada m\u00e1s abierta y comprensiva hacia la salud mental.<\/p>\n\n\n\n<p>Hablar de salud mental es fundamental para el bienestar individual y colectivo. Reconocer nuestras propias dificultades tambi\u00e9n nos ayuda a entender mejor a los dem\u00e1s y a construir entornos m\u00e1s emp\u00e1ticos y respetuosos.<\/p>\n\n\n\n<figure class=\"wp-block-gallery has-nested-images columns-default is-cropped wp-block-gallery-1 is-layout-flex wp-block-gallery-is-layout-flex\">\n<figure class=\"wp-block-image size-large\"><img loading=\"lazy\" decoding=\"async\" width=\"1024\" height=\"684\" data-id=\"22168\" src=\"https:\/\/saludmentalvillarrobledo.org\/wp-content\/uploads\/2026\/03\/Dia-Mundial-de-la-Salud-Mental-11-1024x684.jpg\" alt=\"\" class=\"wp-image-22168\" srcset=\"https:\/\/saludmentalvillarrobledo.org\/wp-content\/uploads\/2026\/03\/Dia-Mundial-de-la-Salud-Mental-11-980x654.jpg 980w, https:\/\/saludmentalvillarrobledo.org\/wp-content\/uploads\/2026\/03\/Dia-Mundial-de-la-Salud-Mental-11-480x320.jpg 480w\" sizes=\"(min-width: 0px) and (max-width: 480px) 480px, (min-width: 481px) and (max-width: 980px) 980px, (min-width: 981px) 1024px, 100vw\" \/><figcaption class=\"wp-element-caption\">Ben D750<\/figcaption><\/figure>\n\n\n\n<figure class=\"wp-block-image size-large\"><img loading=\"lazy\" decoding=\"async\" width=\"1024\" height=\"684\" data-id=\"22169\" src=\"https:\/\/saludmentalvillarrobledo.org\/wp-content\/uploads\/2026\/03\/Dia-Mundial-de-la-Salud-Mental-15-1024x684.jpg\" alt=\"\" class=\"wp-image-22169\" srcset=\"https:\/\/saludmentalvillarrobledo.org\/wp-content\/uploads\/2026\/03\/Dia-Mundial-de-la-Salud-Mental-15-980x654.jpg 980w, https:\/\/saludmentalvillarrobledo.org\/wp-content\/uploads\/2026\/03\/Dia-Mundial-de-la-Salud-Mental-15-480x320.jpg 480w\" sizes=\"(min-width: 0px) and (max-width: 480px) 480px, (min-width: 481px) and (max-width: 980px) 980px, (min-width: 981px) 1024px, 100vw\" \/><figcaption class=\"wp-element-caption\">Ben D750<\/figcaption><\/figure>\n\n\n\n<figure class=\"wp-block-image size-large\"><img loading=\"lazy\" decoding=\"async\" width=\"1024\" height=\"684\" data-id=\"22167\" src=\"https:\/\/saludmentalvillarrobledo.org\/wp-content\/uploads\/2026\/03\/Dia-Mundial-de-la-Salud-Mental-17-1024x684.jpg\" alt=\"\" class=\"wp-image-22167\" srcset=\"https:\/\/saludmentalvillarrobledo.org\/wp-content\/uploads\/2026\/03\/Dia-Mundial-de-la-Salud-Mental-17-980x654.jpg 980w, https:\/\/saludmentalvillarrobledo.org\/wp-content\/uploads\/2026\/03\/Dia-Mundial-de-la-Salud-Mental-17-480x320.jpg 480w\" sizes=\"(min-width: 0px) and (max-width: 480px) 480px, (min-width: 481px) and (max-width: 980px) 980px, (min-width: 981px) 1024px, 100vw\" \/><figcaption class=\"wp-element-caption\">Ben D750<\/figcaption><\/figure>\n\n\n\n<figure class=\"wp-block-image size-large\"><img loading=\"lazy\" decoding=\"async\" width=\"1024\" height=\"684\" data-id=\"22166\" src=\"https:\/\/saludmentalvillarrobledo.org\/wp-content\/uploads\/2026\/03\/Dia-Mundial-de-la-Salud-Mental-22-1024x684.jpg\" alt=\"\" class=\"wp-image-22166\" srcset=\"https:\/\/saludmentalvillarrobledo.org\/wp-content\/uploads\/2026\/03\/Dia-Mundial-de-la-Salud-Mental-22-980x654.jpg 980w, https:\/\/saludmentalvillarrobledo.org\/wp-content\/uploads\/2026\/03\/Dia-Mundial-de-la-Salud-Mental-22-480x320.jpg 480w\" sizes=\"(min-width: 0px) and (max-width: 480px) 480px, (min-width: 481px) and (max-width: 980px) 980px, (min-width: 981px) 1024px, 100vw\" \/><figcaption class=\"wp-element-caption\">Ben D750<\/figcaption><\/figure>\n\n\n\n<figure class=\"wp-block-image size-large\"><img loading=\"lazy\" decoding=\"async\" width=\"1024\" height=\"684\" data-id=\"22165\" src=\"https:\/\/saludmentalvillarrobledo.org\/wp-content\/uploads\/2026\/03\/Dia-Mundial-de-la-Salud-Mental-23-1024x684.jpg\" alt=\"\" class=\"wp-image-22165\" srcset=\"https:\/\/saludmentalvillarrobledo.org\/wp-content\/uploads\/2026\/03\/Dia-Mundial-de-la-Salud-Mental-23-980x654.jpg 980w, https:\/\/saludmentalvillarrobledo.org\/wp-content\/uploads\/2026\/03\/Dia-Mundial-de-la-Salud-Mental-23-480x320.jpg 480w\" sizes=\"(min-width: 0px) and (max-width: 480px) 480px, (min-width: 481px) and (max-width: 980px) 980px, (min-width: 981px) 1024px, 100vw\" \/><figcaption class=\"wp-element-caption\">Ben D750<\/figcaption><\/figure>\n\n\n\n<figure class=\"wp-block-image size-large\"><img loading=\"lazy\" decoding=\"async\" width=\"1024\" height=\"684\" data-id=\"22173\" src=\"https:\/\/saludmentalvillarrobledo.org\/wp-content\/uploads\/2026\/03\/Dia-Mundial-de-la-Salud-Mental-27-1024x684.jpg\" alt=\"\" class=\"wp-image-22173\" srcset=\"https:\/\/saludmentalvillarrobledo.org\/wp-content\/uploads\/2026\/03\/Dia-Mundial-de-la-Salud-Mental-27-980x654.jpg 980w, https:\/\/saludmentalvillarrobledo.org\/wp-content\/uploads\/2026\/03\/Dia-Mundial-de-la-Salud-Mental-27-480x320.jpg 480w\" sizes=\"(min-width: 0px) and (max-width: 480px) 480px, (min-width: 481px) and (max-width: 980px) 980px, (min-width: 981px) 1024px, 100vw\" \/><figcaption class=\"wp-element-caption\">Ben D750<\/figcaption><\/figure>\n\n\n\n<figure class=\"wp-block-image size-large\"><img loading=\"lazy\" decoding=\"async\" width=\"1024\" height=\"684\" data-id=\"22172\" src=\"https:\/\/saludmentalvillarrobledo.org\/wp-content\/uploads\/2026\/03\/Dia-Mundial-de-la-Salud-Mental-32-1024x684.jpg\" alt=\"\" class=\"wp-image-22172\" srcset=\"https:\/\/saludmentalvillarrobledo.org\/wp-content\/uploads\/2026\/03\/Dia-Mundial-de-la-Salud-Mental-32-980x654.jpg 980w, https:\/\/saludmentalvillarrobledo.org\/wp-content\/uploads\/2026\/03\/Dia-Mundial-de-la-Salud-Mental-32-480x320.jpg 480w\" sizes=\"(min-width: 0px) and (max-width: 480px) 480px, (min-width: 481px) and (max-width: 980px) 980px, (min-width: 981px) 1024px, 100vw\" \/><figcaption class=\"wp-element-caption\">Ben D750<\/figcaption><\/figure>\n\n\n\n<figure class=\"wp-block-image size-large\"><img loading=\"lazy\" decoding=\"async\" width=\"1024\" height=\"684\" data-id=\"22176\" src=\"https:\/\/saludmentalvillarrobledo.org\/wp-content\/uploads\/2026\/03\/Dia-Mundial-de-la-Salud-Mental-37-1024x684.jpg\" alt=\"\" class=\"wp-image-22176\" srcset=\"https:\/\/saludmentalvillarrobledo.org\/wp-content\/uploads\/2026\/03\/Dia-Mundial-de-la-Salud-Mental-37-980x654.jpg 980w, https:\/\/saludmentalvillarrobledo.org\/wp-content\/uploads\/2026\/03\/Dia-Mundial-de-la-Salud-Mental-37-480x320.jpg 480w\" sizes=\"(min-width: 0px) and (max-width: 480px) 480px, (min-width: 481px) and (max-width: 980px) 980px, (min-width: 981px) 1024px, 100vw\" \/><figcaption class=\"wp-element-caption\">Ben D750<\/figcaption><\/figure>\n\n\n\n<figure class=\"wp-block-image size-large\"><img loading=\"lazy\" decoding=\"async\" width=\"1024\" height=\"684\" data-id=\"22171\" src=\"https:\/\/saludmentalvillarrobledo.org\/wp-content\/uploads\/2026\/03\/Dia-Mundial-de-la-Salud-Mental-38-1024x684.jpg\" alt=\"\" class=\"wp-image-22171\" srcset=\"https:\/\/saludmentalvillarrobledo.org\/wp-content\/uploads\/2026\/03\/Dia-Mundial-de-la-Salud-Mental-38-980x654.jpg 980w, https:\/\/saludmentalvillarrobledo.org\/wp-content\/uploads\/2026\/03\/Dia-Mundial-de-la-Salud-Mental-38-480x320.jpg 480w\" sizes=\"(min-width: 0px) and (max-width: 480px) 480px, (min-width: 481px) and (max-width: 980px) 980px, (min-width: 981px) 1024px, 100vw\" \/><figcaption class=\"wp-element-caption\">Ben D750<\/figcaption><\/figure>\n\n\n\n<figure class=\"wp-block-image size-large\"><img loading=\"lazy\" decoding=\"async\" width=\"1024\" height=\"684\" data-id=\"22175\" src=\"https:\/\/saludmentalvillarrobledo.org\/wp-content\/uploads\/2026\/03\/Dia-Mundial-de-la-Salud-Mental-44-1024x684.jpg\" alt=\"\" class=\"wp-image-22175\" srcset=\"https:\/\/saludmentalvillarrobledo.org\/wp-content\/uploads\/2026\/03\/Dia-Mundial-de-la-Salud-Mental-44-980x654.jpg 980w, https:\/\/saludmentalvillarrobledo.org\/wp-content\/uploads\/2026\/03\/Dia-Mundial-de-la-Salud-Mental-44-480x320.jpg 480w\" sizes=\"(min-width: 0px) and (max-width: 480px) 480px, (min-width: 481px) and (max-width: 980px) 980px, (min-width: 981px) 1024px, 100vw\" \/><figcaption class=\"wp-element-caption\">Ben D750<\/figcaption><\/figure>\n\n\n\n<figure class=\"wp-block-image size-large\"><img loading=\"lazy\" decoding=\"async\" width=\"684\" height=\"1024\" data-id=\"22174\" src=\"https:\/\/saludmentalvillarrobledo.org\/wp-content\/uploads\/2026\/03\/Dia-Mundial-de-la-Salud-Mental-59-684x1024.jpg\" alt=\"\" class=\"wp-image-22174\"\/><figcaption class=\"wp-element-caption\">Ben D750<\/figcaption><\/figure>\n<\/figure>\n","protected":false},"excerpt":{"rendered":"<p>Como cada a\u00f1o, el 10 de Octubre se conmemora el D\u00eda Mundial de la Salud Mental , cuyo lema este 2025 ha sido \u201cCompartimos vulnerabilidad, defendemos nuestra salud mental\u201d. Hablamos de vulnerabilidad como algo humano y universal. Todas las personas, en alg\u00fan momento de nuestra vida, podemos sentirnos fr\u00e1giles, desbordadas o con dificultades emocionales. El [&hellip;]<\/p>\n","protected":false},"author":1,"featured_media":22166,"comment_status":"open","ping_status":"open","sticky":false,"template":"","format":"standard","meta":{"_et_pb_use_builder":"off","_et_pb_old_content":"","_et_gb_content_width":"","footnotes":""},"categories":[14],"tags":[],"class_list":["post-22143","post","type-post","status-publish","format-standard","has-post-thumbnail","hentry","category-lucha-contra-el-estigma"],"nelio_content":{"autoShareEndMode":"never","automationSources":{"useCustomSentences":false,"customSentences":[]},"efiAlt":"","efiUrl":"","followers":[1],"highlights":[],"isAutoShareEnabled":true,"networkImageIds":[],"permalinkQueryArgs":[],"series":[],"suggestedReferences":[]},"_links":{"self":[{"href":"https:\/\/saludmentalvillarrobledo.org\/index.php\/wp-json\/wp\/v2\/posts\/22143","targetHints":{"allow":["GET"]}}],"collection":[{"href":"https:\/\/saludmentalvillarrobledo.org\/index.php\/wp-json\/wp\/v2\/posts"}],"about":[{"href":"https:\/\/saludmentalvillarrobledo.org\/index.php\/wp-json\/wp\/v2\/types\/post"}],"author":[{"embeddable":true,"href":"https:\/\/saludmentalvillarrobledo.org\/index.php\/wp-json\/wp\/v2\/users\/1"}],"replies":[{"embeddable":true,"href":"https:\/\/saludmentalvillarrobledo.org\/index.php\/wp-json\/wp\/v2\/comments?post=22143"}],"version-history":[{"count":3,"href":"https:\/\/saludmentalvillarrobledo.org\/index.php\/wp-json\/wp\/v2\/posts\/22143\/revisions"}],"predecessor-version":[{"id":22178,"href":"https:\/\/saludmentalvillarrobledo.org\/index.php\/wp-json\/wp\/v2\/posts\/22143\/revisions\/22178"}],"wp:featuredmedia":[{"embeddable":true,"href":"https:\/\/saludmentalvillarrobledo.org\/index.php\/wp-json\/wp\/v2\/media\/22166"}],"wp:attachment":[{"href":"https:\/\/saludmentalvillarrobledo.org\/index.php\/wp-json\/wp\/v2\/media?parent=22143"}],"wp:term":[{"taxonomy":"category","embeddable":true,"href":"https:\/\/saludmentalvillarrobledo.org\/index.php\/wp-json\/wp\/v2\/categories?post=22143"},{"taxonomy":"post_tag","embeddable":true,"href":"https:\/\/saludmentalvillarrobledo.org\/index.php\/wp-json\/wp\/v2\/tags?post=22143"}],"curies":[{"name":"wp","href":"https:\/\/api.w.org\/{rel}","templated":true}]}}