{"id":22131,"date":"2020-03-09T09:17:06","date_gmt":"2020-03-09T09:17:06","guid":{"rendered":"https:\/\/saludmentalvillarrobledo.org\/?p=22131"},"modified":"2026-03-09T09:18:06","modified_gmt":"2026-03-09T09:18:06","slug":"campana-sensibilizacion-educacion-inclusiva-salud-mental-positiva","status":"publish","type":"post","link":"https:\/\/saludmentalvillarrobledo.org\/index.php\/2020\/03\/09\/campana-sensibilizacion-educacion-inclusiva-salud-mental-positiva\/","title":{"rendered":"Campa\u00f1a Sensibilizaci\u00f3n \u2013 \u00abEducaci\u00f3n Inclusiva, Salud Mental Positiva\u00bb"},"content":{"rendered":"\n<p>El programa, impulsado por la\u00a0<strong>Confederaci\u00f3n Salud Mental Espa\u00f1a<\/strong>, consiste en la realizaci\u00f3n de charlas y actividades para la sensibilizaci\u00f3n en centros educativos, dirigidas, principalmente, a profesorado y alumnado de 2\u00ba y 3er ciclo de EPO, es decir, de 8 a 12 a\u00f1os. El objetivo es la promoci\u00f3n de la salud mental en el \u00e1mbito educativo a trav\u00e9s de la entrega de material informativo y herramientas que proporcionen informaci\u00f3n objetiva y actualizada sobre los problemas de salud mental en ni\u00f1os, ni\u00f1as y adolescentes, as\u00ed como promover entornos educativos inclusivos.<\/p>\n\n\n\n<figure class=\"wp-block-gallery has-nested-images columns-default is-cropped wp-block-gallery-1 is-layout-flex wp-block-gallery-is-layout-flex\">\n<figure class=\"wp-block-image size-large\"><img loading=\"lazy\" decoding=\"async\" width=\"737\" height=\"1024\" data-id=\"2415\" src=\"https:\/\/saludmentalvillarrobledo.org\/wp-content\/uploads\/2024\/04\/5.-Diptico_familiares_002-737x1024.png\" alt=\"\" class=\"wp-image-2415\"\/><\/figure>\n\n\n\n<figure class=\"wp-block-image size-large\"><img loading=\"lazy\" decoding=\"async\" width=\"737\" height=\"1024\" data-id=\"2414\" src=\"https:\/\/saludmentalvillarrobledo.org\/wp-content\/uploads\/2024\/04\/5.-Diptico_familiares_001-737x1024.png\" alt=\"\" class=\"wp-image-2414\"\/><\/figure>\n<\/figure>\n","protected":false},"excerpt":{"rendered":"<p>El programa, impulsado por la\u00a0Confederaci\u00f3n Salud Mental Espa\u00f1a, consiste en la realizaci\u00f3n de charlas y actividades para la sensibilizaci\u00f3n en centros educativos, dirigidas, principalmente, a profesorado y alumnado de 2\u00ba y 3er ciclo de EPO, es decir, de 8 a 12 a\u00f1os. El objetivo es la promoci\u00f3n de la salud mental en el \u00e1mbito educativo [&hellip;]<\/p>\n","protected":false},"author":1,"featured_media":2414,"comment_status":"open","ping_status":"open","sticky":false,"template":"","format":"standard","meta":{"_et_pb_use_builder":"off","_et_pb_old_content":"","_et_gb_content_width":"","footnotes":""},"categories":[14],"tags":[],"class_list":["post-22131","post","type-post","status-publish","format-standard","has-post-thumbnail","hentry","category-lucha-contra-el-estigma"],"nelio_content":{"autoShareEndMode":"never","automationSources":{"useCustomSentences":false,"customSentences":[]},"efiAlt":"","efiUrl":"","followers":[1],"highlights":[],"isAutoShareEnabled":true,"networkImageIds":[],"permalinkQueryArgs":[],"series":[],"suggestedReferences":[]},"_links":{"self":[{"href":"https:\/\/saludmentalvillarrobledo.org\/index.php\/wp-json\/wp\/v2\/posts\/22131","targetHints":{"allow":["GET"]}}],"collection":[{"href":"https:\/\/saludmentalvillarrobledo.org\/index.php\/wp-json\/wp\/v2\/posts"}],"about":[{"href":"https:\/\/saludmentalvillarrobledo.org\/index.php\/wp-json\/wp\/v2\/types\/post"}],"author":[{"embeddable":true,"href":"https:\/\/saludmentalvillarrobledo.org\/index.php\/wp-json\/wp\/v2\/users\/1"}],"replies":[{"embeddable":true,"href":"https:\/\/saludmentalvillarrobledo.org\/index.php\/wp-json\/wp\/v2\/comments?post=22131"}],"version-history":[{"count":1,"href":"https:\/\/saludmentalvillarrobledo.org\/index.php\/wp-json\/wp\/v2\/posts\/22131\/revisions"}],"predecessor-version":[{"id":22132,"href":"https:\/\/saludmentalvillarrobledo.org\/index.php\/wp-json\/wp\/v2\/posts\/22131\/revisions\/22132"}],"wp:featuredmedia":[{"embeddable":true,"href":"https:\/\/saludmentalvillarrobledo.org\/index.php\/wp-json\/wp\/v2\/media\/2414"}],"wp:attachment":[{"href":"https:\/\/saludmentalvillarrobledo.org\/index.php\/wp-json\/wp\/v2\/media?parent=22131"}],"wp:term":[{"taxonomy":"category","embeddable":true,"href":"https:\/\/saludmentalvillarrobledo.org\/index.php\/wp-json\/wp\/v2\/categories?post=22131"},{"taxonomy":"post_tag","embeddable":true,"href":"https:\/\/saludmentalvillarrobledo.org\/index.php\/wp-json\/wp\/v2\/tags?post=22131"}],"curies":[{"name":"wp","href":"https:\/\/api.w.org\/{rel}","templated":true}]}}