{"id":22129,"date":"2021-10-01T09:13:13","date_gmt":"2021-10-01T09:13:13","guid":{"rendered":"https:\/\/saludmentalvillarrobledo.org\/?p=22129"},"modified":"2026-03-09T09:14:12","modified_gmt":"2026-03-09T09:14:12","slug":"exposicion-itinerante-mito-y-realidad-con-celda-19","status":"publish","type":"post","link":"https:\/\/saludmentalvillarrobledo.org\/index.php\/2021\/10\/01\/exposicion-itinerante-mito-y-realidad-con-celda-19\/","title":{"rendered":"Exposici\u00f3n Itinerante \u2013 \u00abmito y realidad\u00bb con Celda 19."},"content":{"rendered":"\n<p>Surge de la colaboraci\u00f3n con el\u00a0<strong>Colectivo Artistico Celda 19<\/strong>. A trav\u00e9s de esculturas e im\u00e1genes moldeando la figura humana. La exposici\u00f3n itinerante se mover\u00e1 por diferentes espacios, (ayuntamiento, hospital, institutos\u2026) destacando as\u00ed la informaci\u00f3n para cambiar las percepciones err\u00f3neas y donde se incluyan las narrativas de las personas con problemas de salud mental con eje principal.<\/p>\n\n\n\n<figure class=\"wp-block-gallery has-nested-images columns-default is-cropped wp-block-gallery-1 is-layout-flex wp-block-gallery-is-layout-flex\">\n<figure class=\"wp-block-image size-large\"><img loading=\"lazy\" decoding=\"async\" width=\"1024\" height=\"768\" data-id=\"1577\" src=\"https:\/\/saludmentalvillarrobledo.org\/wp-content\/uploads\/2022\/04\/IMG-20211027-WA00062570-1024x768.jpg\" alt=\"\" class=\"wp-image-1577\" srcset=\"https:\/\/saludmentalvillarrobledo.org\/wp-content\/uploads\/2022\/04\/IMG-20211027-WA00062570-980x735.jpg 980w, https:\/\/saludmentalvillarrobledo.org\/wp-content\/uploads\/2022\/04\/IMG-20211027-WA00062570-480x360.jpg 480w\" sizes=\"(min-width: 0px) and (max-width: 480px) 480px, (min-width: 481px) and (max-width: 980px) 980px, (min-width: 981px) 1024px, 100vw\" \/><\/figure>\n\n\n\n<figure class=\"wp-block-image size-large\"><img loading=\"lazy\" decoding=\"async\" width=\"768\" height=\"1024\" data-id=\"1578\" src=\"https:\/\/saludmentalvillarrobledo.org\/wp-content\/uploads\/2022\/04\/IMG-20211027-WA00072571-768x1024.jpg\" alt=\"\" class=\"wp-image-1578\"\/><\/figure>\n\n\n\n<figure class=\"wp-block-image size-large\"><img loading=\"lazy\" decoding=\"async\" width=\"1024\" height=\"1024\" data-id=\"1056\" src=\"https:\/\/saludmentalvillarrobledo.org\/wp-content\/uploads\/2021\/11\/IMG_20211002_093656_395-1024x1024.webp\" alt=\"\" class=\"wp-image-1056\" srcset=\"https:\/\/saludmentalvillarrobledo.org\/wp-content\/uploads\/2021\/11\/IMG_20211002_093656_395-1024x1024.webp 1024w, https:\/\/saludmentalvillarrobledo.org\/wp-content\/uploads\/2021\/11\/IMG_20211002_093656_395-980x980.webp 980w, https:\/\/saludmentalvillarrobledo.org\/wp-content\/uploads\/2021\/11\/IMG_20211002_093656_395-480x480.webp 480w\" sizes=\"(min-width: 0px) and (max-width: 480px) 480px, (min-width: 481px) and (max-width: 980px) 980px, (min-width: 981px) 1024px, 100vw\" \/><\/figure>\n\n\n\n<figure class=\"wp-block-image size-large\"><img loading=\"lazy\" decoding=\"async\" width=\"820\" height=\"1024\" data-id=\"1062\" src=\"https:\/\/saludmentalvillarrobledo.org\/wp-content\/uploads\/2021\/11\/20211002_174005-820x1024.jpg\" alt=\"\" class=\"wp-image-1062\"\/><\/figure>\n\n\n\n<figure class=\"wp-block-image size-large\"><img loading=\"lazy\" decoding=\"async\" width=\"970\" height=\"970\" data-id=\"1054\" src=\"https:\/\/saludmentalvillarrobledo.org\/wp-content\/uploads\/2021\/11\/IMG_20211006_071050_507.webp\" alt=\"\" class=\"wp-image-1054\" srcset=\"https:\/\/saludmentalvillarrobledo.org\/wp-content\/uploads\/2021\/11\/IMG_20211006_071050_507.webp 970w, https:\/\/saludmentalvillarrobledo.org\/wp-content\/uploads\/2021\/11\/IMG_20211006_071050_507-480x480.webp 480w\" sizes=\"(min-width: 0px) and (max-width: 480px) 480px, (min-width: 481px) 970px, 100vw\" \/><\/figure>\n\n\n\n<figure class=\"wp-block-image size-large\"><img loading=\"lazy\" decoding=\"async\" width=\"576\" height=\"1024\" data-id=\"1052\" src=\"https:\/\/saludmentalvillarrobledo.org\/wp-content\/uploads\/2021\/11\/20211002_133601-576x1024.jpg\" alt=\"\" class=\"wp-image-1052\"\/><\/figure>\n<\/figure>\n","protected":false},"excerpt":{"rendered":"<p>Surge de la colaboraci\u00f3n con el\u00a0Colectivo Artistico Celda 19. A trav\u00e9s de esculturas e im\u00e1genes moldeando la figura humana. La exposici\u00f3n itinerante se mover\u00e1 por diferentes espacios, (ayuntamiento, hospital, institutos\u2026) destacando as\u00ed la informaci\u00f3n para cambiar las percepciones err\u00f3neas y donde se incluyan las narrativas de las personas con problemas de salud mental con eje [&hellip;]<\/p>\n","protected":false},"author":1,"featured_media":1577,"comment_status":"open","ping_status":"open","sticky":false,"template":"","format":"standard","meta":{"_et_pb_use_builder":"off","_et_pb_old_content":"","_et_gb_content_width":"","footnotes":""},"categories":[14],"tags":[],"class_list":["post-22129","post","type-post","status-publish","format-standard","has-post-thumbnail","hentry","category-lucha-contra-el-estigma"],"nelio_content":{"autoShareEndMode":"never","automationSources":{"useCustomSentences":false,"customSentences":[]},"efiAlt":"","efiUrl":"","followers":[1],"highlights":[],"isAutoShareEnabled":true,"networkImageIds":[],"permalinkQueryArgs":[],"series":[],"suggestedReferences":[]},"_links":{"self":[{"href":"https:\/\/saludmentalvillarrobledo.org\/index.php\/wp-json\/wp\/v2\/posts\/22129","targetHints":{"allow":["GET"]}}],"collection":[{"href":"https:\/\/saludmentalvillarrobledo.org\/index.php\/wp-json\/wp\/v2\/posts"}],"about":[{"href":"https:\/\/saludmentalvillarrobledo.org\/index.php\/wp-json\/wp\/v2\/types\/post"}],"author":[{"embeddable":true,"href":"https:\/\/saludmentalvillarrobledo.org\/index.php\/wp-json\/wp\/v2\/users\/1"}],"replies":[{"embeddable":true,"href":"https:\/\/saludmentalvillarrobledo.org\/index.php\/wp-json\/wp\/v2\/comments?post=22129"}],"version-history":[{"count":1,"href":"https:\/\/saludmentalvillarrobledo.org\/index.php\/wp-json\/wp\/v2\/posts\/22129\/revisions"}],"predecessor-version":[{"id":22130,"href":"https:\/\/saludmentalvillarrobledo.org\/index.php\/wp-json\/wp\/v2\/posts\/22129\/revisions\/22130"}],"wp:featuredmedia":[{"embeddable":true,"href":"https:\/\/saludmentalvillarrobledo.org\/index.php\/wp-json\/wp\/v2\/media\/1577"}],"wp:attachment":[{"href":"https:\/\/saludmentalvillarrobledo.org\/index.php\/wp-json\/wp\/v2\/media?parent=22129"}],"wp:term":[{"taxonomy":"category","embeddable":true,"href":"https:\/\/saludmentalvillarrobledo.org\/index.php\/wp-json\/wp\/v2\/categories?post=22129"},{"taxonomy":"post_tag","embeddable":true,"href":"https:\/\/saludmentalvillarrobledo.org\/index.php\/wp-json\/wp\/v2\/tags?post=22129"}],"curies":[{"name":"wp","href":"https:\/\/api.w.org\/{rel}","templated":true}]}}