{"id":22109,"date":"2026-03-06T07:28:59","date_gmt":"2026-03-06T07:28:59","guid":{"rendered":"https:\/\/saludmentalvillarrobledo.org\/?p=22109"},"modified":"2026-03-06T08:52:03","modified_gmt":"2026-03-06T08:52:03","slug":"8-de-marzo-ser-mujer-y-convivir-con-un-trastorno-mental-grave","status":"publish","type":"post","link":"https:\/\/saludmentalvillarrobledo.org\/index.php\/2026\/03\/06\/8-de-marzo-ser-mujer-y-convivir-con-un-trastorno-mental-grave\/","title":{"rendered":"8 de marzo. Ser mujer y convivir con un trastorno mental grave."},"content":{"rendered":"\n<p>Cada 8 de marzo, D\u00eda Internacional de la Mujer, la sociedad reivindica la igualdad de derechos, oportunidades y condiciones de vida para todas las mujeres. Desde la Asociaci\u00f3n Salud Mental Villarrobledo, queremos sumar nuestra voz poniendo el foco en una realidad que a menudo permanece invisibilizada: la de las mujeres con trastorno mental grave.<\/p>\n\n\n\n<p>Ser mujer, todav\u00eda hoy, implica enfrentarse a desigualdades estructurales en el \u00e1mbito laboral, social y econ\u00f3mico. Cuando a estas desigualdades se suma un problema de salud mental grave, el riesgo de exclusi\u00f3n, estigmatizaci\u00f3n y vulneraci\u00f3n de derechos se multiplica.<\/p>\n\n\n\n<p><strong>Doble estigma: mujer y salud mental<\/strong><\/p>\n\n\n\n<p>Muchas de las mujeres que acompa\u00f1amos han vivido situaciones de discriminaci\u00f3n por raz\u00f3n de g\u00e9nero: brecha salarial, empleos precarios, sobrecarga de cuidados, violencia o dependencia econ\u00f3mica. A ello se a\u00f1ade el estigma asociado al diagn\u00f3stico en salud mental, que con frecuencia limita sus oportunidades de empleo, participaci\u00f3n social y desarrollo personal.<\/p>\n\n\n\n<p>El estigma no solo procede del entorno social. A veces tambi\u00e9n se traduce en una menor credibilidad, en la infantilizaci\u00f3n o en la negaci\u00f3n de su capacidad para tomar decisiones sobre su propia vida.<\/p>\n\n\n\n<p><strong>Salud mental y violencia de g\u00e9nero<\/strong><\/p>\n\n\n\n<p>Numerosos estudios muestran la relaci\u00f3n bidireccional entre violencia de g\u00e9nero y salud mental: la violencia puede ser un factor desencadenante o agravante de trastornos mentales, y a su vez, las mujeres con problemas de salud mental pueden encontrarse en situaciones de mayor vulnerabilidad ante relaciones abusivas.<\/p>\n\n\n\n<p>En este 8 de marzo queremos recordar la importancia de incorporar la perspectiva de g\u00e9nero en la atenci\u00f3n en salud mental, garantizando espacios seguros, escucha activa y acompa\u00f1amiento respetuoso.<\/p>\n\n\n\n<p><strong>Empleo, autonom\u00eda y recuperaci\u00f3n<\/strong><\/p>\n\n\n\n<p>En el \u00e1mbito de la rehabilitaci\u00f3n psicosocial y laboral, trabajamos cada d\u00eda para que las mujeres puedan fortalecer su autonom\u00eda, recuperar proyectos vitales y acceder a oportunidades formativas y laborales en igualdad de condiciones.<\/p>\n\n\n\n<p>El empleo no es solo una fuente de ingresos; es tambi\u00e9n identidad, pertenencia y autoestima. Apostar por la inserci\u00f3n laboral con enfoque de g\u00e9nero significa reconocer las barreras espec\u00edficas que enfrentan las mujeres y generar apoyos ajustados a sus necesidades.<\/p>\n\n\n\n<p>Como entidad, renovamos nuestro compromiso con:<\/p>\n\n\n\n<ul class=\"wp-block-list\">\n<li>La igualdad real entre mujeres y hombres.<\/li>\n\n\n\n<li>La incorporaci\u00f3n de la perspectiva de g\u00e9nero en todos nuestros programas.<\/li>\n\n\n\n<li>La promoci\u00f3n de la autonom\u00eda, el empoderamiento y la participaci\u00f3n activa de las mujeres usuarias.<\/li>\n\n\n\n<li>La lucha contra el estigma en salud mental.<\/li>\n<\/ul>\n\n\n\n<p>Este 8 de marzo no solo celebramos los avances logrados; tambi\u00e9n reafirmamos la necesidad de seguir construyendo una sociedad m\u00e1s justa, inclusiva y sensible a la diversidad. <strong>Porque no hay salud sin salud mental, y no hay igualdad si dejamos atr\u00e1s a las mujeres m\u00e1s vulnerables.<\/strong><\/p>\n\n\n\n<p><\/p>\n\n\n<p><iframe loading=\"lazy\" title=\"YouTube video player\" src=\"https:\/\/www.youtube.com\/embed\/0e21dtF-Oag?si=0db6SMoeBNuHcbdv\" width=\"560\" height=\"315\" frameborder=\"0\" allowfullscreen=\"allowfullscreen\"><\/iframe><\/p>","protected":false},"excerpt":{"rendered":"<p>Cada 8 de marzo, D\u00eda Internacional de la Mujer, la sociedad reivindica la igualdad de derechos, oportunidades y condiciones de vida para todas las mujeres. Desde la Asociaci\u00f3n Salud Mental Villarrobledo, queremos sumar nuestra voz poniendo el foco en una realidad que a menudo permanece invisibilizada: la de las mujeres con trastorno mental grave. Ser [&hellip;]<\/p>\n","protected":false},"author":1,"featured_media":0,"comment_status":"open","ping_status":"open","sticky":false,"template":"","format":"standard","meta":{"_et_pb_use_builder":"off","_et_pb_old_content":"","_et_gb_content_width":"","footnotes":""},"categories":[14],"tags":[],"class_list":["post-22109","post","type-post","status-publish","format-standard","hentry","category-lucha-contra-el-estigma"],"nelio_content":{"autoShareEndMode":"never","automationSources":{"useCustomSentences":false,"customSentences":[]},"efiAlt":"","efiUrl":"","followers":[1],"highlights":[],"isAutoShareEnabled":true,"networkImageIds":[],"permalinkQueryArgs":[],"series":[],"suggestedReferences":[]},"_links":{"self":[{"href":"https:\/\/saludmentalvillarrobledo.org\/index.php\/wp-json\/wp\/v2\/posts\/22109","targetHints":{"allow":["GET"]}}],"collection":[{"href":"https:\/\/saludmentalvillarrobledo.org\/index.php\/wp-json\/wp\/v2\/posts"}],"about":[{"href":"https:\/\/saludmentalvillarrobledo.org\/index.php\/wp-json\/wp\/v2\/types\/post"}],"author":[{"embeddable":true,"href":"https:\/\/saludmentalvillarrobledo.org\/index.php\/wp-json\/wp\/v2\/users\/1"}],"replies":[{"embeddable":true,"href":"https:\/\/saludmentalvillarrobledo.org\/index.php\/wp-json\/wp\/v2\/comments?post=22109"}],"version-history":[{"count":11,"href":"https:\/\/saludmentalvillarrobledo.org\/index.php\/wp-json\/wp\/v2\/posts\/22109\/revisions"}],"predecessor-version":[{"id":22121,"href":"https:\/\/saludmentalvillarrobledo.org\/index.php\/wp-json\/wp\/v2\/posts\/22109\/revisions\/22121"}],"wp:attachment":[{"href":"https:\/\/saludmentalvillarrobledo.org\/index.php\/wp-json\/wp\/v2\/media?parent=22109"}],"wp:term":[{"taxonomy":"category","embeddable":true,"href":"https:\/\/saludmentalvillarrobledo.org\/index.php\/wp-json\/wp\/v2\/categories?post=22109"},{"taxonomy":"post_tag","embeddable":true,"href":"https:\/\/saludmentalvillarrobledo.org\/index.php\/wp-json\/wp\/v2\/tags?post=22109"}],"curies":[{"name":"wp","href":"https:\/\/api.w.org\/{rel}","templated":true}]}}