{"id":22097,"date":"2026-02-03T12:23:38","date_gmt":"2026-02-03T12:23:38","guid":{"rendered":"https:\/\/saludmentalvillarrobledo.org\/?p=22097"},"modified":"2026-03-06T08:51:05","modified_gmt":"2026-03-06T08:51:05","slug":"promocion-de-la-salud-mental-en-contextos-educativos","status":"publish","type":"post","link":"https:\/\/saludmentalvillarrobledo.org\/index.php\/2026\/02\/03\/promocion-de-la-salud-mental-en-contextos-educativos\/","title":{"rendered":"Promoci\u00f3n de la salud mental en contextos educativos."},"content":{"rendered":"\n<p>En los \u00faltimos a\u00f1os, la conversaci\u00f3n sobre salud mental ha ganado visibilidad. Sin embargo, hablar no siempre es suficiente: necesitamos espacios seguros, informaci\u00f3n rigurosa y herramientas pr\u00e1cticas que permitan a ni\u00f1os, ni\u00f1as y adolescentes comprender, cuidar y fortalecer su bienestar emocional.<\/p>\n\n\n\n<p>Desde nuestra asociaci\u00f3n de salud mental, desarrollamos de forma anual <strong>charlas de promoci\u00f3n de la salud mental en contextos educativos<\/strong> con un objetivo claro: <strong>prevenir, sensibilizar y acompa\u00f1ar.<\/strong><\/p>\n\n\n\n<h2 class=\"wp-block-heading\"><\/h2>\n\n\n\n<p>Porque un aula no es solo un espacio de aprendizaje acad\u00e9mico; es tambi\u00e9n un entorno clave de socializaci\u00f3n, construcci\u00f3n de identidad y desarrollo emocional.&nbsp;<\/p>\n\n\n\n<p>La finalidad de este programa es concienciar sobre la importancia de cuidar la Salud Mental en edades muy tempranas. <\/p>\n\n\n\n<p>La actividad se lleva a cabo de forma anual e itinerante por los centros educativos de Villarrobledo y comarca por profesionales de la asociaci\u00f3n salud mental Villarrobledo y el comit\u00e9 en primera persona, quienes comparten su propia experiencia.<\/p>\n\n\n\n<figure class=\"wp-block-gallery has-nested-images columns-default is-cropped wp-block-gallery-1 is-layout-flex wp-block-gallery-is-layout-flex\">\n<figure class=\"wp-block-image size-large\"><img loading=\"lazy\" decoding=\"async\" width=\"1024\" height=\"768\" data-id=\"22102\" src=\"https:\/\/saludmentalvillarrobledo.org\/wp-content\/uploads\/2026\/03\/charla-20-feb-24-OC-1-1024x768.jpg\" alt=\"\" class=\"wp-image-22102\" srcset=\"https:\/\/saludmentalvillarrobledo.org\/wp-content\/uploads\/2026\/03\/charla-20-feb-24-OC-1-980x735.jpg 980w, https:\/\/saludmentalvillarrobledo.org\/wp-content\/uploads\/2026\/03\/charla-20-feb-24-OC-1-480x360.jpg 480w\" sizes=\"(min-width: 0px) and (max-width: 480px) 480px, (min-width: 481px) and (max-width: 980px) 980px, (min-width: 981px) 1024px, 100vw\" \/><\/figure>\n\n\n\n<figure class=\"wp-block-image size-large\"><img loading=\"lazy\" decoding=\"async\" width=\"1024\" height=\"768\" data-id=\"22104\" src=\"https:\/\/saludmentalvillarrobledo.org\/wp-content\/uploads\/2026\/03\/1713768924388-1024x768.jpg\" alt=\"\" class=\"wp-image-22104\" srcset=\"https:\/\/saludmentalvillarrobledo.org\/wp-content\/uploads\/2026\/03\/1713768924388-980x735.jpg 980w, https:\/\/saludmentalvillarrobledo.org\/wp-content\/uploads\/2026\/03\/1713768924388-480x360.jpg 480w\" sizes=\"(min-width: 0px) and (max-width: 480px) 480px, (min-width: 481px) and (max-width: 980px) 980px, (min-width: 981px) 1024px, 100vw\" \/><\/figure>\n\n\n\n<figure class=\"wp-block-image size-large\"><img loading=\"lazy\" decoding=\"async\" width=\"1024\" height=\"768\" data-id=\"22103\" src=\"https:\/\/saludmentalvillarrobledo.org\/wp-content\/uploads\/2026\/03\/Charla-Cencibel-1-1024x768.jpg\" alt=\"\" class=\"wp-image-22103\" srcset=\"https:\/\/saludmentalvillarrobledo.org\/wp-content\/uploads\/2026\/03\/Charla-Cencibel-1-980x735.jpg 980w, https:\/\/saludmentalvillarrobledo.org\/wp-content\/uploads\/2026\/03\/Charla-Cencibel-1-480x360.jpg 480w\" sizes=\"(min-width: 0px) and (max-width: 480px) 480px, (min-width: 481px) and (max-width: 980px) 980px, (min-width: 981px) 1024px, 100vw\" \/><\/figure>\n\n\n\n<figure class=\"wp-block-image size-large\"><img loading=\"lazy\" decoding=\"async\" width=\"842\" height=\"635\" data-id=\"22101\" src=\"https:\/\/saludmentalvillarrobledo.org\/wp-content\/uploads\/2026\/03\/CHARLAS-INSITUTOS.png\" alt=\"\" class=\"wp-image-22101\" srcset=\"https:\/\/saludmentalvillarrobledo.org\/wp-content\/uploads\/2026\/03\/CHARLAS-INSITUTOS.png 842w, https:\/\/saludmentalvillarrobledo.org\/wp-content\/uploads\/2026\/03\/CHARLAS-INSITUTOS-480x362.png 480w\" sizes=\"(min-width: 0px) and (max-width: 480px) 480px, (min-width: 481px) 842px, 100vw\" \/><\/figure>\n<\/figure>\n\n\n\n<p><\/p>\n","protected":false},"excerpt":{"rendered":"<p>En los \u00faltimos a\u00f1os, la conversaci\u00f3n sobre salud mental ha ganado visibilidad. Sin embargo, hablar no siempre es suficiente: necesitamos espacios seguros, informaci\u00f3n rigurosa y herramientas pr\u00e1cticas que permitan a ni\u00f1os, ni\u00f1as y adolescentes comprender, cuidar y fortalecer su bienestar emocional. Desde nuestra asociaci\u00f3n de salud mental, desarrollamos de forma anual charlas de promoci\u00f3n de [&hellip;]<\/p>\n","protected":false},"author":1,"featured_media":22105,"comment_status":"open","ping_status":"open","sticky":false,"template":"","format":"standard","meta":{"_et_pb_use_builder":"","_et_pb_old_content":"","_et_gb_content_width":"","footnotes":""},"categories":[14],"tags":[],"class_list":["post-22097","post","type-post","status-publish","format-standard","has-post-thumbnail","hentry","category-lucha-contra-el-estigma"],"nelio_content":{"autoShareEndMode":"never","automationSources":{"useCustomSentences":false,"customSentences":[]},"efiAlt":"","efiUrl":"","followers":[1],"highlights":[],"isAutoShareEnabled":true,"networkImageIds":[],"permalinkQueryArgs":[],"series":[],"suggestedReferences":[]},"_links":{"self":[{"href":"https:\/\/saludmentalvillarrobledo.org\/index.php\/wp-json\/wp\/v2\/posts\/22097","targetHints":{"allow":["GET"]}}],"collection":[{"href":"https:\/\/saludmentalvillarrobledo.org\/index.php\/wp-json\/wp\/v2\/posts"}],"about":[{"href":"https:\/\/saludmentalvillarrobledo.org\/index.php\/wp-json\/wp\/v2\/types\/post"}],"author":[{"embeddable":true,"href":"https:\/\/saludmentalvillarrobledo.org\/index.php\/wp-json\/wp\/v2\/users\/1"}],"replies":[{"embeddable":true,"href":"https:\/\/saludmentalvillarrobledo.org\/index.php\/wp-json\/wp\/v2\/comments?post=22097"}],"version-history":[{"count":2,"href":"https:\/\/saludmentalvillarrobledo.org\/index.php\/wp-json\/wp\/v2\/posts\/22097\/revisions"}],"predecessor-version":[{"id":22108,"href":"https:\/\/saludmentalvillarrobledo.org\/index.php\/wp-json\/wp\/v2\/posts\/22097\/revisions\/22108"}],"wp:featuredmedia":[{"embeddable":true,"href":"https:\/\/saludmentalvillarrobledo.org\/index.php\/wp-json\/wp\/v2\/media\/22105"}],"wp:attachment":[{"href":"https:\/\/saludmentalvillarrobledo.org\/index.php\/wp-json\/wp\/v2\/media?parent=22097"}],"wp:term":[{"taxonomy":"category","embeddable":true,"href":"https:\/\/saludmentalvillarrobledo.org\/index.php\/wp-json\/wp\/v2\/categories?post=22097"},{"taxonomy":"post_tag","embeddable":true,"href":"https:\/\/saludmentalvillarrobledo.org\/index.php\/wp-json\/wp\/v2\/tags?post=22097"}],"curies":[{"name":"wp","href":"https:\/\/api.w.org\/{rel}","templated":true}]}}