{"id":22089,"date":"2023-06-11T11:00:30","date_gmt":"2023-06-11T11:00:30","guid":{"rendered":"https:\/\/saludmentalvillarrobledo.org\/?p=22089"},"modified":"2026-03-06T08:57:34","modified_gmt":"2026-03-06T08:57:34","slug":"villarrobledo-amable","status":"publish","type":"post","link":"https:\/\/saludmentalvillarrobledo.org\/index.php\/2023\/06\/11\/villarrobledo-amable\/","title":{"rendered":"Villarrobledo Amable"},"content":{"rendered":"\n<p>&nbsp;Esta iniciativa comunitaria ha sido promovida por Dar\u00edo Santos, psic\u00f3logo y experto en mindfulness. La finalidad ha sido crear un espacio saludable, con encuentros quincenales, para favorecer:<\/p>\n\n\n\n<p>&nbsp; &nbsp; El cultivo de valores y actitudes orientadas al bienestar com\u00fan como son la amabilidad, la consciencia plena, la confianza, el respeto, el amor, la compasi\u00f3n, la empat\u00eda, el altruismo y la resiliencia.<\/p>\n\n\n\n<p>\u2013 Cultivar el autoconocimiento a trav\u00e9s de pr\u00e1cticas de introspecci\u00f3n.<br>\u2013 Mejorar las relaciones sociales a trav\u00e9s de din\u00e1micas grupales.<br>\u2013 Aprender juntos a trav\u00e9s del di\u00e1logo y la reflexi\u00f3n.<\/p>\n\n\n\n<p>&nbsp; &nbsp; Gracias por esta iniciativa tan interesante y enriquecedora ya que no s\u00f3lo se crea un espacio de aprendizaje en comunidad y de construcci\u00f3n vecinal, sino que tambi\u00e9n se da un gran espacio de solidaridad donde las donaciones recogidas han sido destinado a la Asociaci\u00f3n Salud Mental Villarrobledo, de lo cual estamos tremendamente agradecidos a Dar\u00edo y a todos los participantes en el taller.<\/p>\n\n\n\n<figure class=\"wp-block-gallery has-nested-images columns-default is-cropped wp-block-gallery-1 is-layout-flex wp-block-gallery-is-layout-flex\">\n<figure class=\"wp-block-image size-large\"><img loading=\"lazy\" decoding=\"async\" width=\"607\" height=\"851\" data-id=\"2532\" src=\"https:\/\/saludmentalvillarrobledo.org\/wp-content\/uploads\/2024\/04\/VILLARROBLEDO-AMABLE.png\" alt=\"\" class=\"wp-image-2532\" srcset=\"https:\/\/saludmentalvillarrobledo.org\/wp-content\/uploads\/2024\/04\/VILLARROBLEDO-AMABLE.png 607w, https:\/\/saludmentalvillarrobledo.org\/wp-content\/uploads\/2024\/04\/VILLARROBLEDO-AMABLE-480x673.png 480w\" sizes=\"(min-width: 0px) and (max-width: 480px) 480px, (min-width: 481px) 607px, 100vw\" \/><\/figure>\n\n\n\n<figure class=\"wp-block-image size-large is-style-default\"><img loading=\"lazy\" decoding=\"async\" width=\"853\" height=\"842\" data-id=\"2533\" src=\"https:\/\/saludmentalvillarrobledo.org\/wp-content\/uploads\/2024\/04\/VILLARROBLEDO-AMABLE-2.png\" alt=\"\" class=\"wp-image-2533\" srcset=\"https:\/\/saludmentalvillarrobledo.org\/wp-content\/uploads\/2024\/04\/VILLARROBLEDO-AMABLE-2.png 853w, https:\/\/saludmentalvillarrobledo.org\/wp-content\/uploads\/2024\/04\/VILLARROBLEDO-AMABLE-2-480x474.png 480w\" sizes=\"(min-width: 0px) and (max-width: 480px) 480px, (min-width: 481px) 853px, 100vw\" \/><\/figure>\n<\/figure>\n","protected":false},"excerpt":{"rendered":"<p>&nbsp;Esta iniciativa comunitaria ha sido promovida por Dar\u00edo Santos, psic\u00f3logo y experto en mindfulness. La finalidad ha sido crear un espacio saludable, con encuentros quincenales, para favorecer: &nbsp; &nbsp; El cultivo de valores y actitudes orientadas al bienestar com\u00fan como son la amabilidad, la consciencia plena, la confianza, el respeto, el amor, la compasi\u00f3n, la [&hellip;]<\/p>\n","protected":false},"author":1,"featured_media":2532,"comment_status":"open","ping_status":"open","sticky":false,"template":"","format":"standard","meta":{"_et_pb_use_builder":"off","_et_pb_old_content":"","_et_gb_content_width":"","footnotes":""},"categories":[14],"tags":[],"class_list":["post-22089","post","type-post","status-publish","format-standard","has-post-thumbnail","hentry","category-lucha-contra-el-estigma"],"nelio_content":{"autoShareEndMode":"never","automationSources":{"useCustomSentences":false,"customSentences":[]},"efiAlt":"","efiUrl":"","followers":[1],"highlights":[],"isAutoShareEnabled":true,"networkImageIds":[],"permalinkQueryArgs":[],"series":[],"suggestedReferences":[]},"_links":{"self":[{"href":"https:\/\/saludmentalvillarrobledo.org\/index.php\/wp-json\/wp\/v2\/posts\/22089","targetHints":{"allow":["GET"]}}],"collection":[{"href":"https:\/\/saludmentalvillarrobledo.org\/index.php\/wp-json\/wp\/v2\/posts"}],"about":[{"href":"https:\/\/saludmentalvillarrobledo.org\/index.php\/wp-json\/wp\/v2\/types\/post"}],"author":[{"embeddable":true,"href":"https:\/\/saludmentalvillarrobledo.org\/index.php\/wp-json\/wp\/v2\/users\/1"}],"replies":[{"embeddable":true,"href":"https:\/\/saludmentalvillarrobledo.org\/index.php\/wp-json\/wp\/v2\/comments?post=22089"}],"version-history":[{"count":1,"href":"https:\/\/saludmentalvillarrobledo.org\/index.php\/wp-json\/wp\/v2\/posts\/22089\/revisions"}],"predecessor-version":[{"id":22090,"href":"https:\/\/saludmentalvillarrobledo.org\/index.php\/wp-json\/wp\/v2\/posts\/22089\/revisions\/22090"}],"wp:featuredmedia":[{"embeddable":true,"href":"https:\/\/saludmentalvillarrobledo.org\/index.php\/wp-json\/wp\/v2\/media\/2532"}],"wp:attachment":[{"href":"https:\/\/saludmentalvillarrobledo.org\/index.php\/wp-json\/wp\/v2\/media?parent=22089"}],"wp:term":[{"taxonomy":"category","embeddable":true,"href":"https:\/\/saludmentalvillarrobledo.org\/index.php\/wp-json\/wp\/v2\/categories?post=22089"},{"taxonomy":"post_tag","embeddable":true,"href":"https:\/\/saludmentalvillarrobledo.org\/index.php\/wp-json\/wp\/v2\/tags?post=22089"}],"curies":[{"name":"wp","href":"https:\/\/api.w.org\/{rel}","templated":true}]}}