{"id":2195,"date":"2022-11-09T16:33:56","date_gmt":"2022-11-09T16:33:56","guid":{"rendered":"https:\/\/saludmentalvillarrobledo.org\/?p=2195"},"modified":"2026-03-02T10:12:53","modified_gmt":"2026-03-02T10:12:53","slug":"2195","status":"publish","type":"post","link":"https:\/\/saludmentalvillarrobledo.org\/index.php\/2022\/11\/09\/2195\/","title":{"rendered":"Obras Ganadoras I Concurso Fotograf\u00eda Salud Mental"},"content":{"rendered":"\n<p><br> Este a\u00f1o se propuso realizar el I Concurso de Fotograf\u00eda de Salud Mental con el objetivo de fomentar la reflexi\u00f3n y contribuir a generar una ciudadan\u00eda consciente, emp\u00e1tica, participativa e inclusiva hacia la Salud Mental.<\/p>\n\n\n\n<p class=\"has-text-align-center\"> En realidad, no imagin\u00e1bamos que pudiese tener tan buena acogida. Alrededor de 50 artistas han participado en el concurso y unas 100 fotograf\u00edas las que han optado por el premio. La selecci\u00f3n de las obras ganadoras ha sido una decisi\u00f3n muy complicada dado el nivel de los participantes. <\/p>\n\n\n\n<p class=\"has-text-align-center\">Para seleccionar las obras ganadoras contamos con la ayuda de Ana Caler, licenciada en bellas artes y con gran experiencia como fot\u00f3grafa. Primero se hizo una preselecci\u00f3n de 15 obras, para despu\u00e9s seleccionar las 6 m\u00e1s votadas, que fueron las finalistas y las que optaron al premio.<\/p>\n\n\n\n<p class=\"has-text-align-left\">El pasado 11 de octubre se public\u00f3 a trav\u00e9s de redes sociales las 3 obras ganadoras:<\/p>\n\n\n\n<p class=\"has-text-align-left\"><strong>1\u00ba Premio<\/strong>: Mi Llave.<\/p>\n\n\n\n<figure class=\"wp-block-image alignwide size-large\"><img loading=\"lazy\" decoding=\"async\" width=\"677\" height=\"1024\" src=\"https:\/\/saludmentalvillarrobledo.org\/wp-content\/uploads\/2022\/11\/Mi-llave-1o-PREMIO-1-677x1024.jpg\" alt=\"\" class=\"wp-image-2198\"\/><figcaption class=\"wp-element-caption\"><em>Somos los \u00fanicos due\u00f1os de la llave que abre o cierra nuestra mente, podemos pedir ayuda y debemos hacerlo si tenemos problemas de salud, pero, la llave est\u00e1 en nosotros.<\/em><br>Autor: Juan Cortes Cabrera.<\/figcaption><\/figure>\n\n\n\n<p class=\"has-text-align-left\"><strong>2\u00ba Premio<\/strong>: Una Ventana Abierta.<\/p>\n\n\n\n<figure class=\"wp-block-image alignwide size-large\"><img loading=\"lazy\" decoding=\"async\" width=\"1024\" height=\"1024\" src=\"https:\/\/saludmentalvillarrobledo.org\/wp-content\/uploads\/2022\/11\/Una-ventana-abierta-2o-PEMIO-1024x1024.jpg\" alt=\"\" class=\"wp-image-2199\" srcset=\"https:\/\/saludmentalvillarrobledo.org\/wp-content\/uploads\/2022\/11\/Una-ventana-abierta-2o-PEMIO-980x980.jpg 980w, https:\/\/saludmentalvillarrobledo.org\/wp-content\/uploads\/2022\/11\/Una-ventana-abierta-2o-PEMIO-480x480.jpg 480w\" sizes=\"(min-width: 0px) and (max-width: 480px) 480px, (min-width: 481px) and (max-width: 980px) 980px, (min-width: 981px) 1024px, 100vw\" \/><figcaption class=\"wp-element-caption\"><em>Trata de mostrar una imagen positiva de la salud mental, en la cual la ventana simboliza el futuro y la esperanza.<\/em><br>Autor: Andr\u00e9s Fern\u00e1ndez Garc\u00eda.<\/figcaption><\/figure>\n\n\n\n<p class=\"has-text-align-left\"><strong>3\u00ba Premio<\/strong>: Camino en Soledad.<\/p>\n\n\n\n<figure class=\"wp-block-image alignwide size-large\"><img loading=\"lazy\" decoding=\"async\" width=\"768\" height=\"1024\" src=\"https:\/\/saludmentalvillarrobledo.org\/wp-content\/uploads\/2022\/11\/CAMINO-EN-SOLEDAD-3o-PREMIO-768x1024.jpg\" alt=\"\" class=\"wp-image-2200\"\/><figcaption class=\"wp-element-caption\"><em>El estigma, tab\u00fa, falta de recursos y apoyos, fomentan que \u00absalir del t\u00fanel\u00bb sea m\u00e1s largo y duro. Puedes ver la luz, casi tocarla&#8230;pero, resulta mucho m\u00e1s dif\u00edcil llegar a alcanzarla<\/em>.<br>Autora: Raquel Collado Ram\u00edrez.<\/figcaption><\/figure>\n\n\n\n<p><\/p>\n\n\n\n<p class=\"has-text-align-center\">Gracias a todas y a cada una de las personas que han participado y gracias por representar en una imagen la Salud Mental.<\/p>\n\n\n\n<p class=\"has-text-align-center\"><a href=\"https:\/\/www.instagram.com\/explore\/tags\/saludmental\/\" target=\"_blank\" rel=\"noopener\">#saludmental<\/a>&nbsp;<a href=\"https:\/\/www.instagram.com\/explore\/tags\/bienestaremocional\/\" target=\"_blank\" rel=\"noopener\">#bienestaremocional<\/a>&nbsp;<a href=\"https:\/\/www.instagram.com\/explore\/tags\/salud\/\" target=\"_blank\" rel=\"noopener\">#salud<\/a>&nbsp;<a href=\"https:\/\/www.instagram.com\/explore\/tags\/inclusion\/\" target=\"_blank\" rel=\"noopener\">#inclusion<\/a>&nbsp;<a href=\"https:\/\/www.instagram.com\/explore\/tags\/emociones\/\" target=\"_blank\" rel=\"noopener\">#emociones<\/a><a href=\"https:\/\/www.instagram.com\/explore\/tags\/saludmentalvillarrobledo\/\" target=\"_blank\" rel=\"noopener\">#saludmentalvillarrobledo<\/a>&nbsp;<a href=\"https:\/\/www.instagram.com\/explore\/tags\/diamundialsaludmental\/\" target=\"_blank\" rel=\"noopener\">#diamundialsaludmental<\/a><\/p>\n\n\n\n<p><br><\/p>\n","protected":false},"excerpt":{"rendered":"<p>Este a\u00f1o se propuso realizar el I Concurso de Fotograf\u00eda de Salud Mental con el objetivo de fomentar la reflexi\u00f3n y contribuir a generar una ciudadan\u00eda consciente, emp\u00e1tica, participativa e inclusiva hacia la Salud Mental. En realidad, no imagin\u00e1bamos que pudiese tener tan buena acogida. Alrededor de 50 artistas han participado en el concurso y [&hellip;]<\/p>\n","protected":false},"author":2,"featured_media":2210,"comment_status":"open","ping_status":"open","sticky":true,"template":"","format":"standard","meta":{"_et_pb_use_builder":"","_et_pb_old_content":"","_et_gb_content_width":"","footnotes":""},"categories":[1,14],"tags":[],"class_list":["post-2195","post","type-post","status-publish","format-standard","has-post-thumbnail","hentry","category-sin-categoria","category-lucha-contra-el-estigma"],"nelio_content":{"autoShareEndMode":"never","automationSources":{"useCustomSentences":false,"customSentences":[]},"efiAlt":"","efiUrl":"","followers":[2],"highlights":[],"isAutoShareEnabled":true,"networkImageIds":[],"permalinkQueryArgs":[],"series":[],"suggestedReferences":[]},"_links":{"self":[{"href":"https:\/\/saludmentalvillarrobledo.org\/index.php\/wp-json\/wp\/v2\/posts\/2195","targetHints":{"allow":["GET"]}}],"collection":[{"href":"https:\/\/saludmentalvillarrobledo.org\/index.php\/wp-json\/wp\/v2\/posts"}],"about":[{"href":"https:\/\/saludmentalvillarrobledo.org\/index.php\/wp-json\/wp\/v2\/types\/post"}],"author":[{"embeddable":true,"href":"https:\/\/saludmentalvillarrobledo.org\/index.php\/wp-json\/wp\/v2\/users\/2"}],"replies":[{"embeddable":true,"href":"https:\/\/saludmentalvillarrobledo.org\/index.php\/wp-json\/wp\/v2\/comments?post=2195"}],"version-history":[{"count":5,"href":"https:\/\/saludmentalvillarrobledo.org\/index.php\/wp-json\/wp\/v2\/posts\/2195\/revisions"}],"predecessor-version":[{"id":2213,"href":"https:\/\/saludmentalvillarrobledo.org\/index.php\/wp-json\/wp\/v2\/posts\/2195\/revisions\/2213"}],"wp:featuredmedia":[{"embeddable":true,"href":"https:\/\/saludmentalvillarrobledo.org\/index.php\/wp-json\/wp\/v2\/media\/2210"}],"wp:attachment":[{"href":"https:\/\/saludmentalvillarrobledo.org\/index.php\/wp-json\/wp\/v2\/media?parent=2195"}],"wp:term":[{"taxonomy":"category","embeddable":true,"href":"https:\/\/saludmentalvillarrobledo.org\/index.php\/wp-json\/wp\/v2\/categories?post=2195"},{"taxonomy":"post_tag","embeddable":true,"href":"https:\/\/saludmentalvillarrobledo.org\/index.php\/wp-json\/wp\/v2\/tags?post=2195"}],"curies":[{"name":"wp","href":"https:\/\/api.w.org\/{rel}","templated":true}]}}