{"id":2155,"date":"2022-09-28T16:30:46","date_gmt":"2022-09-28T16:30:46","guid":{"rendered":"https:\/\/saludmentalvillarrobledo.org\/?p=2155"},"modified":"2026-03-02T11:48:07","modified_gmt":"2026-03-02T11:48:07","slug":"dia-mundial-salud-mental-2022","status":"publish","type":"post","link":"https:\/\/saludmentalvillarrobledo.org\/index.php\/2022\/09\/28\/dia-mundial-salud-mental-2022\/","title":{"rendered":"JORNADAS DIA MUNDIAL DE LA SALUD MENTAL"},"content":{"rendered":"\n<p>Este a\u00f1o, bajo el lema \u00ab<strong><em>Dale like a la salud mental. Por el derecho a crecer en bienestar<\/em>\u2019<\/strong>\u00ab,\u00a0la Confederaci\u00f3n\u00a0Salud\u00a0Mental\u00a0Espa\u00f1a ha querido focalizar las acciones del\u00a0d\u00eda\u00a0Mundial\u00a0de la\u00a0Salud\u00a0Mental\u00a0 en la infancia, la adolescencia y la juventud, colectivos cuya\u00a0salud\u00a0mental\u00a0es m\u00e1s vulnerable y que requieren de mayores esfuerzos.<\/p>\n\n\n\n<p>Desde la Asociaci\u00f3n Salud Mental Villarrobledo os informamos de las actividades propuestas en las <strong>jornadas de visibilizaci\u00f3n<\/strong>, que se realizar\u00e1n en conmemoraci\u00f3n al D\u00eda Mundial de la Salud Mental,  haciendo al mismo tiempo una invitaci\u00f3n extensiva a toda persona interesada en acudir. <\/p>\n\n\n\n<p>Os esperamos \ud83d\ude42<\/p>\n\n\n\n<p><\/p>\n\n\n\n<figure class=\"wp-block-gallery has-nested-images columns-default is-cropped wp-block-gallery-1 is-layout-flex wp-block-gallery-is-layout-flex\">\n<figure class=\"wp-block-image size-large\"><img loading=\"lazy\" decoding=\"async\" width=\"1024\" height=\"724\" data-id=\"2187\" src=\"https:\/\/saludmentalvillarrobledo.org\/wp-content\/uploads\/2022\/09\/Triptico-jornada-DMSM-2022-11-octubre-1_page-0001-6-1024x724.jpg\" alt=\"\" class=\"wp-image-2187\" srcset=\"https:\/\/saludmentalvillarrobledo.org\/wp-content\/uploads\/2022\/09\/Triptico-jornada-DMSM-2022-11-octubre-1_page-0001-6-980x693.jpg 980w, https:\/\/saludmentalvillarrobledo.org\/wp-content\/uploads\/2022\/09\/Triptico-jornada-DMSM-2022-11-octubre-1_page-0001-6-480x339.jpg 480w\" sizes=\"(min-width: 0px) and (max-width: 480px) 480px, (min-width: 481px) and (max-width: 980px) 980px, (min-width: 981px) 1024px, 100vw\" \/><\/figure>\n<\/figure>\n\n\n\n<figure class=\"wp-block-gallery has-nested-images columns-default is-cropped wp-block-gallery-2 is-layout-flex wp-block-gallery-is-layout-flex\">\n<figure class=\"wp-block-image size-large\"><img loading=\"lazy\" decoding=\"async\" width=\"1024\" height=\"724\" data-id=\"2188\" src=\"https:\/\/saludmentalvillarrobledo.org\/wp-content\/uploads\/2022\/09\/Triptico-jornada-DMSM-2022-11-octubre-2_page-0001-6-1024x724.jpg\" alt=\"\" class=\"wp-image-2188\" srcset=\"https:\/\/saludmentalvillarrobledo.org\/wp-content\/uploads\/2022\/09\/Triptico-jornada-DMSM-2022-11-octubre-2_page-0001-6-980x693.jpg 980w, https:\/\/saludmentalvillarrobledo.org\/wp-content\/uploads\/2022\/09\/Triptico-jornada-DMSM-2022-11-octubre-2_page-0001-6-480x339.jpg 480w\" sizes=\"(min-width: 0px) and (max-width: 480px) 480px, (min-width: 481px) and (max-width: 980px) 980px, (min-width: 981px) 1024px, 100vw\" \/><\/figure>\n<\/figure>\n\n\n\n<figure class=\"wp-block-gallery has-nested-images columns-default is-cropped wp-block-gallery-3 is-layout-flex wp-block-gallery-is-layout-flex\"><\/figure>\n","protected":false},"excerpt":{"rendered":"<p>Este a\u00f1o, bajo el lema \u00abDale like a la salud mental. Por el derecho a crecer en bienestar\u2019\u00ab,\u00a0la Confederaci\u00f3n\u00a0Salud\u00a0Mental\u00a0Espa\u00f1a ha querido focalizar las acciones del\u00a0d\u00eda\u00a0Mundial\u00a0de la\u00a0Salud\u00a0Mental\u00a0 en la infancia, la adolescencia y la juventud, colectivos cuya\u00a0salud\u00a0mental\u00a0es m\u00e1s vulnerable y que requieren de mayores esfuerzos. Desde la Asociaci\u00f3n Salud Mental Villarrobledo os informamos de las actividades [&hellip;]<\/p>\n","protected":false},"author":2,"featured_media":2162,"comment_status":"open","ping_status":"open","sticky":true,"template":"","format":"standard","meta":{"_et_pb_use_builder":"off","_et_pb_old_content":"","_et_gb_content_width":"","footnotes":""},"categories":[14,1],"tags":[],"class_list":["post-2155","post","type-post","status-publish","format-standard","has-post-thumbnail","hentry","category-lucha-contra-el-estigma","category-sin-categoria"],"nelio_content":{"autoShareEndMode":"never","automationSources":{"useCustomSentences":false,"customSentences":[]},"efiAlt":"","efiUrl":"","followers":[2],"highlights":[],"isAutoShareEnabled":true,"networkImageIds":[],"permalinkQueryArgs":[],"series":[],"suggestedReferences":[]},"_links":{"self":[{"href":"https:\/\/saludmentalvillarrobledo.org\/index.php\/wp-json\/wp\/v2\/posts\/2155","targetHints":{"allow":["GET"]}}],"collection":[{"href":"https:\/\/saludmentalvillarrobledo.org\/index.php\/wp-json\/wp\/v2\/posts"}],"about":[{"href":"https:\/\/saludmentalvillarrobledo.org\/index.php\/wp-json\/wp\/v2\/types\/post"}],"author":[{"embeddable":true,"href":"https:\/\/saludmentalvillarrobledo.org\/index.php\/wp-json\/wp\/v2\/users\/2"}],"replies":[{"embeddable":true,"href":"https:\/\/saludmentalvillarrobledo.org\/index.php\/wp-json\/wp\/v2\/comments?post=2155"}],"version-history":[{"count":10,"href":"https:\/\/saludmentalvillarrobledo.org\/index.php\/wp-json\/wp\/v2\/posts\/2155\/revisions"}],"predecessor-version":[{"id":2192,"href":"https:\/\/saludmentalvillarrobledo.org\/index.php\/wp-json\/wp\/v2\/posts\/2155\/revisions\/2192"}],"wp:featuredmedia":[{"embeddable":true,"href":"https:\/\/saludmentalvillarrobledo.org\/index.php\/wp-json\/wp\/v2\/media\/2162"}],"wp:attachment":[{"href":"https:\/\/saludmentalvillarrobledo.org\/index.php\/wp-json\/wp\/v2\/media?parent=2155"}],"wp:term":[{"taxonomy":"category","embeddable":true,"href":"https:\/\/saludmentalvillarrobledo.org\/index.php\/wp-json\/wp\/v2\/categories?post=2155"},{"taxonomy":"post_tag","embeddable":true,"href":"https:\/\/saludmentalvillarrobledo.org\/index.php\/wp-json\/wp\/v2\/tags?post=2155"}],"curies":[{"name":"wp","href":"https:\/\/api.w.org\/{rel}","templated":true}]}}