{"id":2056,"date":"2022-07-11T07:17:01","date_gmt":"2022-07-11T07:17:01","guid":{"rendered":"https:\/\/saludmentalvillarrobledo.org\/?p=2056"},"modified":"2026-03-02T11:48:28","modified_gmt":"2026-03-02T11:48:28","slug":"reflexiones-en-un-dia-cualquiera","status":"publish","type":"post","link":"https:\/\/saludmentalvillarrobledo.org\/index.php\/2022\/07\/11\/reflexiones-en-un-dia-cualquiera\/","title":{"rendered":"Reflexiones en un d\u00eda cualquiera"},"content":{"rendered":"\n<p>La depresi\u00f3n, la ansiedad, gente que decide terminar con su vida, \u2026 veo tanto sufrimiento. Es un problema muy grande, que va a m\u00e1s. Tambi\u00e9n pienso que se est\u00e1n haciendo cosas, pero no s\u00e9 si son suficientes o lo solucionan, por ejemplo, con las medicaciones. El tratamiento farmacol\u00f3gico es una ayuda, pero no resuelve el problema.<\/p>\n\n\n\n<p>Yo, en mi caso, perd\u00ed mi trabajo y mis amistades, desconect\u00e9 del todo socialmente y tuve un brote psic\u00f3tico. Estuve ingresado en el hospital y me mandaron mi medicaci\u00f3n y tambi\u00e9n ir al centro psicosocial, donde he aprendido mucho: a entender mejor las cosas a tener m\u00e1s sociedad con mis compa\u00f1eros, ayuda psicol\u00f3gica y social. Pienso que esto es m\u00e1s importante que la medicaci\u00f3n, que al final es eso, tener vida social y hacer cosas con las que te sientas bien.&nbsp; Creo que se est\u00e1 medicando a la sociedad y as\u00ed no se resuelve este problema. El tratamiento debe entenderse como&nbsp;<em>rescate,<\/em>&nbsp;pero&nbsp;<strong><u>no como soluci\u00f3n<\/u><\/strong>, sino con humanidad, con integraci\u00f3n, se vuelve a recuperar la salud. En definitiva, con todo aquello que te hace sentir vivo y no vivir sin ilusi\u00f3n ni motivaci\u00f3n.&nbsp;<\/p>\n\n\n\n<p>Creo que hace falta m\u00e1s inversi\u00f3n econ\u00f3mica y que la gente no utilice la salud mental como un negocio, donde solo importa el dinero. Me refiero a gente que no est\u00e1 preparada y que se aprovechan de los muchos seguidores en las redes sociales, tambi\u00e9n con la idea q una persona es agresiva porque tiene un diagn\u00f3stico de salud mental y tambi\u00e9n me parece triste que tengan que pasar cosas tan graves para que la gente tenga unidad como la pandemia la guerra o el volc\u00e1n en la isla de palma.<\/p>\n\n\n\n<p>Es importante educar en la diversidad, en entender las emociones, saber gestionarlas, la salud mental\u2026 desde peque\u00f1os. tener vida social y hacer cosas con las que te sientas bien, sensaciones de bienestar.<\/p>\n","protected":false},"excerpt":{"rendered":"<p>La depresi\u00f3n, la ansiedad, gente que decide terminar con su vida, \u2026 veo tanto sufrimiento. Es un problema muy grande, que va a m\u00e1s. Tambi\u00e9n pienso que se est\u00e1n haciendo cosas, pero no s\u00e9 si son suficientes o lo solucionan, por ejemplo, con las medicaciones. El tratamiento farmacol\u00f3gico es una ayuda, pero no resuelve el [&hellip;]<\/p>\n","protected":false},"author":1,"featured_media":1663,"comment_status":"open","ping_status":"open","sticky":false,"template":"","format":"standard","meta":{"_et_pb_use_builder":"off","_et_pb_old_content":"","_et_gb_content_width":"","footnotes":""},"categories":[1,14],"tags":[],"class_list":["post-2056","post","type-post","status-publish","format-standard","has-post-thumbnail","hentry","category-sin-categoria","category-lucha-contra-el-estigma"],"nelio_content":{"autoShareEndMode":"never","automationSources":{"useCustomSentences":false,"customSentences":[]},"efiAlt":"","efiUrl":"","followers":[1],"highlights":[],"isAutoShareEnabled":true,"networkImageIds":[],"permalinkQueryArgs":[],"series":[],"suggestedReferences":[]},"_links":{"self":[{"href":"https:\/\/saludmentalvillarrobledo.org\/index.php\/wp-json\/wp\/v2\/posts\/2056","targetHints":{"allow":["GET"]}}],"collection":[{"href":"https:\/\/saludmentalvillarrobledo.org\/index.php\/wp-json\/wp\/v2\/posts"}],"about":[{"href":"https:\/\/saludmentalvillarrobledo.org\/index.php\/wp-json\/wp\/v2\/types\/post"}],"author":[{"embeddable":true,"href":"https:\/\/saludmentalvillarrobledo.org\/index.php\/wp-json\/wp\/v2\/users\/1"}],"replies":[{"embeddable":true,"href":"https:\/\/saludmentalvillarrobledo.org\/index.php\/wp-json\/wp\/v2\/comments?post=2056"}],"version-history":[{"count":1,"href":"https:\/\/saludmentalvillarrobledo.org\/index.php\/wp-json\/wp\/v2\/posts\/2056\/revisions"}],"predecessor-version":[{"id":2057,"href":"https:\/\/saludmentalvillarrobledo.org\/index.php\/wp-json\/wp\/v2\/posts\/2056\/revisions\/2057"}],"wp:featuredmedia":[{"embeddable":true,"href":"https:\/\/saludmentalvillarrobledo.org\/index.php\/wp-json\/wp\/v2\/media\/1663"}],"wp:attachment":[{"href":"https:\/\/saludmentalvillarrobledo.org\/index.php\/wp-json\/wp\/v2\/media?parent=2056"}],"wp:term":[{"taxonomy":"category","embeddable":true,"href":"https:\/\/saludmentalvillarrobledo.org\/index.php\/wp-json\/wp\/v2\/categories?post=2056"},{"taxonomy":"post_tag","embeddable":true,"href":"https:\/\/saludmentalvillarrobledo.org\/index.php\/wp-json\/wp\/v2\/tags?post=2056"}],"curies":[{"name":"wp","href":"https:\/\/api.w.org\/{rel}","templated":true}]}}